{"id":157,"date":"2010-10-29T18:41:03","date_gmt":"2010-10-29T16:41:03","guid":{"rendered":"https:\/\/iminbokhylla.se\/2010\/10\/29\/veckans-fynd-pa-hallmattan\/"},"modified":"2011-07-27T16:34:58","modified_gmt":"2011-07-27T14:34:58","slug":"veckans-fynd-pa-hallmattan","status":"publish","type":"post","link":"https:\/\/iminbokhylla.se\/?p=157","title":{"rendered":"Veckans fynd p\u00e5 hallmattan"},"content":{"rendered":"<p>Idag l\u00e5g fyra nya b\u00f6cker och v\u00e4ntade p\u00e5 mig hemma. De tre Robert Karjelb\u00f6ckerna jag skrivit om tidigare, och en av \u00e5rets Nobelpristagare. Tyv\u00e4rr kommer jag inte kunna p\u00e5b\u00f6rja n\u00e5gon av dem f\u00f6re den 18 november. L\u00e4ngtar!<\/p>\n","protected":false},"excerpt":{"rendered":"<p>Idag l\u00e5g fyra nya b\u00f6cker och v\u00e4ntade p\u00e5 mig hemma. De tre Robert Karjelb\u00f6ckerna jag skrivit om tidigare, och en av \u00e5rets Nobelpristagare. Tyv\u00e4rr kommer jag inte kunna p\u00e5b\u00f6rja n\u00e5gon av dem f\u00f6re den 18 november. L\u00e4ngtar!<\/p>\n","protected":false},"author":1,"featured_media":0,"comment_status":"open","ping_status":"open","sticky":false,"template":"","format":"standard","meta":[],"categories":[4],"tags":[9],"featured_image_src":null,"featured_image_src_square":null,"author_info":{"display_name":"Josefine","author_link":"https:\/\/iminbokhylla.se\/?author=1"},"_links":{"self":[{"href":"https:\/\/iminbokhylla.se\/index.php?rest_route=\/wp\/v2\/posts\/157"}],"collection":[{"href":"https:\/\/iminbokhylla.se\/index.php?rest_route=\/wp\/v2\/posts"}],"about":[{"href":"https:\/\/iminbokhylla.se\/index.php?rest_route=\/wp\/v2\/types\/post"}],"author":[{"embeddable":true,"href":"https:\/\/iminbokhylla.se\/index.php?rest_route=\/wp\/v2\/users\/1"}],"replies":[{"embeddable":true,"href":"https:\/\/iminbokhylla.se\/index.php?rest_route=%2Fwp%2Fv2%2Fcomments&post=157"}],"version-history":[{"count":0,"href":"https:\/\/iminbokhylla.se\/index.php?rest_route=\/wp\/v2\/posts\/157\/revisions"}],"wp:attachment":[{"href":"https:\/\/iminbokhylla.se\/index.php?rest_route=%2Fwp%2Fv2%2Fmedia&parent=157"}],"wp:term":[{"taxonomy":"category","embeddable":true,"href":"https:\/\/iminbokhylla.se\/index.php?rest_route=%2Fwp%2Fv2%2Fcategories&post=157"},{"taxonomy":"post_tag","embeddable":true,"href":"https:\/\/iminbokhylla.se\/index.php?rest_route=%2Fwp%2Fv2%2Ftags&post=157"}],"curies":[{"name":"wp","href":"https:\/\/api.w.org\/{rel}","templated":true}]}}