{"id":1550,"date":"2011-09-12T11:36:01","date_gmt":"2011-09-12T09:36:01","guid":{"rendered":"https:\/\/iminbokhylla.se\/?p=1550"},"modified":"2012-01-25T12:01:11","modified_gmt":"2012-01-25T10:01:11","slug":"bloggstafett-om-bokmassan","status":"publish","type":"post","link":"https:\/\/iminbokhylla.se\/?p=1550","title":{"rendered":"Bloggstafett om Bokm\u00e4ssan"},"content":{"rendered":"<p>P\u00e5 fredag den 16 september har bokbloggen <a href=\"http:\/\/www.enligto.se\/\" target=\"_blank\">enligt O<\/a> ordnat en bloggstafett i Bokm\u00e4ssans \u00e4ra. Jag \u00e4r en av deltagarna!<\/p>\n<p>Det blir massa bidrag i stafetten, som p\u00e5g\u00e5r hela dygnet. Mitt bidrag publiceras h\u00e4r klockan 19.00.<\/p>\n<ul>\n<li>00.01\u00a0<a href=\"http:\/\/www.enligto.se\/\" target=\"_blank\">enligt O<\/a><\/li>\n<li>01.00\u00a0<a href=\"http:\/\/www.pocketlover.se\/\" target=\"_blank\">Pocketlover<\/a><\/li>\n<li>02.00 Metta p\u00e5\u00a0<a href=\"http:\/\/www.bockerx3.com\/\" target=\"_blank\">B\u00f6cker x 3<\/a><\/li>\n<li>03.00\u00a0<a href=\"http:\/\/www.bokmalen.nu\/\" target=\"_blank\">Bokmalen<\/a><\/li>\n<li>04.00\u00a0<a href=\"http:\/\/www.fiktiviteter.se\/\" target=\"_blank\">Fiktiviteter<\/a><\/li>\n<li>05.00\u00a0<a href=\"http:\/\/www.skrivarmamma.blogspot.com\/\" target=\"_blank\">Skrivarmamma<\/a><\/li>\n<li>06.00\u00a0<a href=\"http:\/\/joanna-ochdagarnagar.blogspot.com\/\" target=\"_blank\">och dagarna g\u00e5r\u2026<\/a><\/li>\n<li>07.00\u00a0<a href=\"http:\/\/boktok73.blogspot.com\/\" target=\"_blank\">Boktok 73<\/a><\/li>\n<li>08.00\u00a0<a href=\"http:\/\/bokbabbel.com\/\" target=\"_blank\">Bokbabbel<\/a><\/li>\n<li>09.00\u00a0<a href=\"http:\/\/mariasbokliv.wordpress.com\/\" target=\"_blank\">Marias Bokliv<\/a><\/li>\n<li>10.00\u00a0<a href=\"http:\/\/lyrannobel.blogspot.com\/\" target=\"_blank\">Lyrans Noblesser<\/a><\/li>\n<li>11.00 Ingrid p\u00e5\u00a0<a href=\"http:\/\/bokbaren.com\/\" target=\"_blank\">Bokbaren<\/a><\/li>\n<li>12.00\u00a0<a href=\"http:\/\/www.thebookpond.se\/\" target=\"_blank\">the Book Pond<\/a><\/li>\n<li>13.00\u00a0<a href=\"http:\/\/ungavuxna.blogspot.com\/\" target=\"_blank\">Unga Vuxna<\/a><\/li>\n<li>14.00\u00a0<a href=\"http:\/\/paperbacklover.blogspot.com\/\" target=\"_blank\">Paperback Lover<\/a><\/li>\n<li>15.00\u00a0<a href=\"http:\/\/henrikelstad.wordpress.com\/\" target=\"_blank\">Olika sidor<\/a><\/li>\n<li>16.00\u00a0<a href=\"http:\/\/utgivning.blogspot.com\/\" target=\"_blank\">V\u00e4gen till utgivning\u00a0<\/a><\/li>\n<li>17.00 Therese p\u00e5\u00a0<a href=\"http:\/\/dantesbibliotek.se\/\" target=\"_blank\">Dantes Bibliotek<\/a><\/li>\n<li>18.00\u00a0<a href=\"http:\/\/fullbokhylla.wordpress.com\/\" target=\"_blank\">En full bokhylla \u00e4r en rikedom<\/a><\/li>\n<li>19.00\u00a0<a href=\"https:\/\/iminbokhylla.se\/\" target=\"_blank\">I min bokhylla<\/a><\/li>\n<li>20.00\u00a0<a href=\"http:\/\/hannashorna.wordpress.com\/\" target=\"_blank\">Hannas H\u00f6rna<\/a><\/li>\n<li>21.00\u00a0<a href=\"http:\/\/anjocity.wordpress.com\/\" target=\"_blank\">Word up, Anjo<\/a><\/li>\n<li>22.00\u00a0<a href=\"http:\/\/ombockersomjaghunnitlasa.blogspot.com\/\" target=\"_blank\">Om b\u00f6cker som jag hunnit l\u00e4sa<\/a><\/li>\n<li>23.00\u00a0<a href=\"http:\/\/curiousheathen.wordpress.com\/\" target=\"_blank\">You\u2019re no different to me<\/a><\/li>\n<li>23.59\u00a0<a href=\"http:\/\/www.enligto.se\/\" target=\"_blank\">enligt O<\/a><\/li>\n<\/ul>\n","protected":false},"excerpt":{"rendered":"<p>P\u00e5 fredag den 16 september har bokbloggen enligt O ordnat en bloggstafett i Bokm\u00e4ssans \u00e4ra. Jag \u00e4r en av deltagarna! Det blir massa bidrag i stafetten, som p\u00e5g\u00e5r hela dygnet. Mitt bidrag publiceras h\u00e4r klockan 19.00. 00.01\u00a0enligt O 01.00\u00a0Pocketlover 02.00 Metta p\u00e5\u00a0B\u00f6cker x 3 03.00\u00a0Bokmalen 04.00\u00a0Fiktiviteter 05.00\u00a0Skrivarmamma 06.00\u00a0och dagarna g\u00e5r\u2026 07.00\u00a0Boktok 73 08.00\u00a0Bokbabbel 09.00\u00a0Marias Bokliv &hellip; <a href=\"https:\/\/iminbokhylla.se\/?p=1550\" class=\"more-link\">Forts\u00e4tt l\u00e4sa<span class=\"screen-reader-text\"> \u201dBloggstafett om Bokm\u00e4ssan\u201d<\/span><\/a><\/p>\n","protected":false},"author":1,"featured_media":0,"comment_status":"open","ping_status":"open","sticky":false,"template":"","format":"standard","meta":[],"categories":[12],"tags":[9],"featured_image_src":null,"featured_image_src_square":null,"author_info":{"display_name":"Josefine","author_link":"https:\/\/iminbokhylla.se\/?author=1"},"_links":{"self":[{"href":"https:\/\/iminbokhylla.se\/index.php?rest_route=\/wp\/v2\/posts\/1550"}],"collection":[{"href":"https:\/\/iminbokhylla.se\/index.php?rest_route=\/wp\/v2\/posts"}],"about":[{"href":"https:\/\/iminbokhylla.se\/index.php?rest_route=\/wp\/v2\/types\/post"}],"author":[{"embeddable":true,"href":"https:\/\/iminbokhylla.se\/index.php?rest_route=\/wp\/v2\/users\/1"}],"replies":[{"embeddable":true,"href":"https:\/\/iminbokhylla.se\/index.php?rest_route=%2Fwp%2Fv2%2Fcomments&post=1550"}],"version-history":[{"count":0,"href":"https:\/\/iminbokhylla.se\/index.php?rest_route=\/wp\/v2\/posts\/1550\/revisions"}],"wp:attachment":[{"href":"https:\/\/iminbokhylla.se\/index.php?rest_route=%2Fwp%2Fv2%2Fmedia&parent=1550"}],"wp:term":[{"taxonomy":"category","embeddable":true,"href":"https:\/\/iminbokhylla.se\/index.php?rest_route=%2Fwp%2Fv2%2Fcategories&post=1550"},{"taxonomy":"post_tag","embeddable":true,"href":"https:\/\/iminbokhylla.se\/index.php?rest_route=%2Fwp%2Fv2%2Ftags&post=1550"}],"curies":[{"name":"wp","href":"https:\/\/api.w.org\/{rel}","templated":true}]}}