{"id":1519,"date":"2011-09-04T09:17:54","date_gmt":"2011-09-04T07:17:54","guid":{"rendered":"https:\/\/iminbokhylla.se\/?p=1519"},"modified":"2011-09-02T09:18:18","modified_gmt":"2011-09-02T07:18:18","slug":"mitt-andra-liv-en-berattelse-om-att-drabbas-av-stroke-arligt-och-rakt-pa-sak","status":"publish","type":"post","link":"https:\/\/iminbokhylla.se\/?p=1519","title":{"rendered":"Mitt andra liv. En ber\u00e4ttelse om att drabbas av stroke: \u00e4rligt och rakt p\u00e5 sak"},"content":{"rendered":"<p><strong>Bok<\/strong>: Mitt andra liv. En ber\u00e4ttelse om att drabbas av stroke<br \/>\n<strong>F\u00f6rfattare<\/strong>: Ingrid Trollsten<br \/>\n<strong>F\u00f6rlag<\/strong>: Forum<\/p>\n<p>Ingrid trollsten \u00e4r bara 39 \u00e5r n\u00e4r hon drabbas av en stroke. Mitt i livet, med egen firma och fantastisk l\u00e4genhet ramlar hon omkulll p\u00e5 golvet och blir liggande i fem dagar. P\u00e5 sjukhuset r\u00e4ddas hennes liv, men hon kan varken g\u00e5, \u00e4ta eller prata. Boken \u00e4r hennes dagboksanteckningar fr\u00e5n tiden efter stroken.<\/p>\n<p><a href=\"http:\/\/www.expressen.se\/nyheter\/1.1908833\/forfattare-hittad-dod\">Nio \u00e5r senare d\u00f6r pl\u00f6tsligt Ingrid<\/a>, och d\u00f6dsfallet har ingenting med hennes stroke att g\u00f6ra. Boken gavs ut postumt. <\/p>\n<p><a href=\"http:\/\/www.flickr.com\/photos\/granding\/6105551924\/\" title=\"Mitt andra liv. En ber\u00e4ttelse om att drabbas av stroke by Granding, on Flickr\"><img loading=\"lazy\" src=\"http:\/\/farm7.static.flickr.com\/6210\/6105551924_39fea46cc0.jpg\" width=\"180\" height=\"251\" alt=\"Mitt andra liv. En ber\u00e4ttelse om att drabbas av stroke\"><\/a><\/p>\n<p>\u00c5h s\u00e5 bra! Det \u00e4r v\u00e4ldigt intressant att f\u00e5 ta del av Ingrids frustration, tankar och kamp. F\u00f6r k\u00e4mpa f\u00e5r hon. Mot sin egen kropp, mot sina f\u00f6r\u00e4ldrar som pl\u00f6tsligt tar \u00f6ver hennes ekonomi, mot kommun&#038;landsting som best\u00e4mmer \u00f6ver hennes rehabilitering, mot personliga assistenter som stj\u00e4l &#8230;<\/p>\n<p>\u00c4rligt, naket och rakt p\u00e5 sak. Definitivt en bok alla b\u00f6r l\u00e4sa!<\/p>\n<p><img loading=\"lazy\" src=\"https:\/\/iminbokhylla.se\/betyg_4.png\" width=\"472\" height=\"99\" alt=\"betyg\" \/><\/p>\n","protected":false},"excerpt":{"rendered":"<p>Bok: Mitt andra liv. En ber\u00e4ttelse om att drabbas av stroke F\u00f6rfattare: Ingrid Trollsten F\u00f6rlag: Forum Ingrid trollsten \u00e4r bara 39 \u00e5r n\u00e4r hon drabbas av en stroke. Mitt i livet, med egen firma och fantastisk l\u00e4genhet ramlar hon omkulll p\u00e5 golvet och blir liggande i fem dagar. P\u00e5 sjukhuset r\u00e4ddas hennes liv, men hon &hellip; <a href=\"https:\/\/iminbokhylla.se\/?p=1519\" class=\"more-link\">Forts\u00e4tt l\u00e4sa<span class=\"screen-reader-text\"> \u201dMitt andra liv. En ber\u00e4ttelse om att drabbas av stroke: \u00e4rligt och rakt p\u00e5 sak\u201d<\/span><\/a><\/p>\n","protected":false},"author":1,"featured_media":0,"comment_status":"open","ping_status":"open","sticky":false,"template":"","format":"standard","meta":[],"categories":[3],"tags":[9],"featured_image_src":null,"featured_image_src_square":null,"author_info":{"display_name":"Josefine","author_link":"https:\/\/iminbokhylla.se\/?author=1"},"_links":{"self":[{"href":"https:\/\/iminbokhylla.se\/index.php?rest_route=\/wp\/v2\/posts\/1519"}],"collection":[{"href":"https:\/\/iminbokhylla.se\/index.php?rest_route=\/wp\/v2\/posts"}],"about":[{"href":"https:\/\/iminbokhylla.se\/index.php?rest_route=\/wp\/v2\/types\/post"}],"author":[{"embeddable":true,"href":"https:\/\/iminbokhylla.se\/index.php?rest_route=\/wp\/v2\/users\/1"}],"replies":[{"embeddable":true,"href":"https:\/\/iminbokhylla.se\/index.php?rest_route=%2Fwp%2Fv2%2Fcomments&post=1519"}],"version-history":[{"count":0,"href":"https:\/\/iminbokhylla.se\/index.php?rest_route=\/wp\/v2\/posts\/1519\/revisions"}],"wp:attachment":[{"href":"https:\/\/iminbokhylla.se\/index.php?rest_route=%2Fwp%2Fv2%2Fmedia&parent=1519"}],"wp:term":[{"taxonomy":"category","embeddable":true,"href":"https:\/\/iminbokhylla.se\/index.php?rest_route=%2Fwp%2Fv2%2Fcategories&post=1519"},{"taxonomy":"post_tag","embeddable":true,"href":"https:\/\/iminbokhylla.se\/index.php?rest_route=%2Fwp%2Fv2%2Ftags&post=1519"}],"curies":[{"name":"wp","href":"https:\/\/api.w.org\/{rel}","templated":true}]}}