{"id":151,"date":"2010-12-09T09:50:09","date_gmt":"2010-12-09T07:50:09","guid":{"rendered":"https:\/\/iminbokhylla.se\/?p=151"},"modified":"2011-07-27T16:34:07","modified_gmt":"2011-07-27T14:34:07","slug":"de-basta-historierna-ar-sanna","status":"publish","type":"post","link":"https:\/\/iminbokhylla.se\/?p=151","title":{"rendered":"De b\u00e4sta historierna \u00e4r sanna"},"content":{"rendered":"<p>Jag \u00e4lskar <a href=\"https:\/\/iminbokhylla.se\/2010\/10\/18\/trasig-stark-story-som-slarvas-bort\/\">ju<\/a> b\u00f6cker om \u201dsanna historier\u201d. Biografier ja, men \u00e4nnu hellre b\u00f6cker som \u00e4r skrivna av personen som upplevt n\u00e5got och ber\u00e4ttar om det sj\u00e4lva. Jag beskriver det d\u00e5ligt, m\u00e4rker jag, men t\u00e4nker p\u00e5 b\u00f6cker som <a href=\"http:\/\/www.adlibris.com\/se\/product.aspx?isbn=9185817252\">Klockan 10.31 p\u00e5 morgonen i Khao Lak<\/a>, <a href=\"http:\/\/www.adlibris.com\/se\/product.aspx?isbn=9185015490\">Sorgf\u00e5gel: Annika \u00d6stberg ber\u00e4ttar sitt liv<\/a>, <a href=\"http:\/\/www.adlibris.com\/se\/product.aspx?isbn=9174290630\">N\u00e4r kalla n\u00e4tter pl\u00e5gar mig med minnen av hur det var<\/a> och <a href=\"http:\/\/www.adlibris.com\/se\/product.aspx?isbn=9171339868\">\u00d6kenblomman \u00e5terv\u00e4nder<\/a>. <\/p>\n<p>\u00c4ven mina favoritbloggar skrivs av m\u00e4nniskor med galna, kn\u00e4ppa, hemska eller ledsamma m\u00e4nnisko\u00f6den. Varf\u00f6r det \u00e4r s\u00e5 vet jag inte, men jag delar definitivt inte de generna med min bror (som inte ens gillar svensk film med motiveringen &#8221;jag vill inte se vardag n\u00e4r jag ser p\u00e5 film, jag vill svepas iv\u00e4g&#8221;).<\/p>\n<p>Har du n\u00e5gon favoritgenre?<\/p>\n","protected":false},"excerpt":{"rendered":"<p>Jag \u00e4lskar ju b\u00f6cker om \u201dsanna historier\u201d. Biografier ja, men \u00e4nnu hellre b\u00f6cker som \u00e4r skrivna av personen som upplevt n\u00e5got och ber\u00e4ttar om det sj\u00e4lva. Jag beskriver det d\u00e5ligt, m\u00e4rker jag, men t\u00e4nker p\u00e5 b\u00f6cker som Klockan 10.31 p\u00e5 morgonen i Khao Lak, Sorgf\u00e5gel: Annika \u00d6stberg ber\u00e4ttar sitt liv, N\u00e4r kalla n\u00e4tter pl\u00e5gar mig &hellip; <a href=\"https:\/\/iminbokhylla.se\/?p=151\" class=\"more-link\">Forts\u00e4tt l\u00e4sa<span class=\"screen-reader-text\"> \u201dDe b\u00e4sta historierna \u00e4r sanna\u201d<\/span><\/a><\/p>\n","protected":false},"author":1,"featured_media":0,"comment_status":"open","ping_status":"open","sticky":false,"template":"","format":"standard","meta":[],"categories":[4],"tags":[9],"featured_image_src":null,"featured_image_src_square":null,"author_info":{"display_name":"Josefine","author_link":"https:\/\/iminbokhylla.se\/?author=1"},"_links":{"self":[{"href":"https:\/\/iminbokhylla.se\/index.php?rest_route=\/wp\/v2\/posts\/151"}],"collection":[{"href":"https:\/\/iminbokhylla.se\/index.php?rest_route=\/wp\/v2\/posts"}],"about":[{"href":"https:\/\/iminbokhylla.se\/index.php?rest_route=\/wp\/v2\/types\/post"}],"author":[{"embeddable":true,"href":"https:\/\/iminbokhylla.se\/index.php?rest_route=\/wp\/v2\/users\/1"}],"replies":[{"embeddable":true,"href":"https:\/\/iminbokhylla.se\/index.php?rest_route=%2Fwp%2Fv2%2Fcomments&post=151"}],"version-history":[{"count":0,"href":"https:\/\/iminbokhylla.se\/index.php?rest_route=\/wp\/v2\/posts\/151\/revisions"}],"wp:attachment":[{"href":"https:\/\/iminbokhylla.se\/index.php?rest_route=%2Fwp%2Fv2%2Fmedia&parent=151"}],"wp:term":[{"taxonomy":"category","embeddable":true,"href":"https:\/\/iminbokhylla.se\/index.php?rest_route=%2Fwp%2Fv2%2Fcategories&post=151"},{"taxonomy":"post_tag","embeddable":true,"href":"https:\/\/iminbokhylla.se\/index.php?rest_route=%2Fwp%2Fv2%2Ftags&post=151"}],"curies":[{"name":"wp","href":"https:\/\/api.w.org\/{rel}","templated":true}]}}