{"id":1479,"date":"2011-09-01T12:01:51","date_gmt":"2011-09-01T10:01:51","guid":{"rendered":"https:\/\/iminbokhylla.se\/?p=1479"},"modified":"2011-08-31T22:02:26","modified_gmt":"2011-08-31T20:02:26","slug":"sahar-ser-den-ut-min-bokhylla","status":"publish","type":"post","link":"https:\/\/iminbokhylla.se\/?p=1479","title":{"rendered":"S\u00e5h\u00e4r ser den ut, min bokhylla!"},"content":{"rendered":"<p>Via en Twitteruppmaning tog jag en bild p\u00e5 min bokhylla. M\u00e5ste ju visa er ocks\u00e5. S\u00e5h\u00e4r ser den ut just nu!<\/p>\n<p><a href=\"http:\/\/www.flickr.com\/photos\/granding\/6096517235\/\" title=\"Min bokhylla by Granding, on Flickr\"><img loading=\"lazy\" src=\"http:\/\/farm7.static.flickr.com\/6185\/6096517235_81a239f3d2.jpg\" width=\"500\" height=\"374\" alt=\"Min bokhylla\"><\/a><\/p>\n","protected":false},"excerpt":{"rendered":"<p>Via en Twitteruppmaning tog jag en bild p\u00e5 min bokhylla. M\u00e5ste ju visa er ocks\u00e5. S\u00e5h\u00e4r ser den ut just nu!<\/p>\n","protected":false},"author":1,"featured_media":0,"comment_status":"open","ping_status":"open","sticky":false,"template":"","format":"standard","meta":[],"categories":[4],"tags":[9],"featured_image_src":null,"featured_image_src_square":null,"author_info":{"display_name":"Josefine","author_link":"https:\/\/iminbokhylla.se\/?author=1"},"_links":{"self":[{"href":"https:\/\/iminbokhylla.se\/index.php?rest_route=\/wp\/v2\/posts\/1479"}],"collection":[{"href":"https:\/\/iminbokhylla.se\/index.php?rest_route=\/wp\/v2\/posts"}],"about":[{"href":"https:\/\/iminbokhylla.se\/index.php?rest_route=\/wp\/v2\/types\/post"}],"author":[{"embeddable":true,"href":"https:\/\/iminbokhylla.se\/index.php?rest_route=\/wp\/v2\/users\/1"}],"replies":[{"embeddable":true,"href":"https:\/\/iminbokhylla.se\/index.php?rest_route=%2Fwp%2Fv2%2Fcomments&post=1479"}],"version-history":[{"count":0,"href":"https:\/\/iminbokhylla.se\/index.php?rest_route=\/wp\/v2\/posts\/1479\/revisions"}],"wp:attachment":[{"href":"https:\/\/iminbokhylla.se\/index.php?rest_route=%2Fwp%2Fv2%2Fmedia&parent=1479"}],"wp:term":[{"taxonomy":"category","embeddable":true,"href":"https:\/\/iminbokhylla.se\/index.php?rest_route=%2Fwp%2Fv2%2Fcategories&post=1479"},{"taxonomy":"post_tag","embeddable":true,"href":"https:\/\/iminbokhylla.se\/index.php?rest_route=%2Fwp%2Fv2%2Ftags&post=1479"}],"curies":[{"name":"wp","href":"https:\/\/api.w.org\/{rel}","templated":true}]}}