{"id":1465,"date":"2011-08-26T10:52:22","date_gmt":"2011-08-26T08:52:22","guid":{"rendered":"https:\/\/iminbokhylla.se\/?p=1465"},"modified":"2012-01-25T12:01:34","modified_gmt":"2012-01-25T10:01:34","slug":"pa-vag-mot-en-helg-av-boknorderi","status":"publish","type":"post","link":"https:\/\/iminbokhylla.se\/?p=1465","title":{"rendered":"P\u00e5 v\u00e4g mot en helg av bokn\u00f6rderi"},"content":{"rendered":"<p>I mitt andra liv, det som inte inneh\u00e5ller bokn\u00f6rderi, arbetar jag med koncept och strategi f\u00f6r webb och mobilt. Den absolut st\u00f6rsta h\u00e4ndelsen \u00e4r o-konferensen <a href=\"http:\/\/www.swedensocialwebcamp.com\/\">SSWC<\/a>. En helg av totalt n\u00f6rderi. <\/p>\n<p>Den h\u00e4r helgen \u00e4r det dags f\u00f6r en av tv\u00e5 stora n\u00f6rdh\u00e4ndelser i mitt bokliv. Den ena \u00e4r f\u00f6rst\u00e5s <a href=\"http:\/\/www.bok-bibliotek.se\/\">Bokm\u00e4ssan<\/a>, men den andra \u00e4r <a href=\"http:\/\/estersallskap.se\/\">S\u00e4llskapet f\u00f6r Ester Ringn\u00e9r-Lundgrens<\/a> \u00e5rstr\u00e4ff. (Ingen kommentar om den sajten, tack! Man kan lugnt s\u00e4ga att den inte g\u00e5r ihop med mitt yrkesliv. Men s\u00e5 \u00e4r jag heller inte inblandad p\u00e5 n\u00e5got s\u00e4tt). <\/p>\n<p>Vi blir ett 40-tal Estern\u00f6rdar, i \u00e5r tr\u00e4ffas vi i Norrk\u00f6ping, som diskuterar b\u00f6cker, karakt\u00e4rer, br\u00e5kar om det finns lock p\u00e5 Lottas Polkagris eller inte och tjafsar om hur man egentligen ska uttala Pauls namn. <\/p>\n<p>S\u00e5, nu sticker jag p\u00e5 en bokn\u00f6rdshelg!<\/p>\n","protected":false},"excerpt":{"rendered":"<p>I mitt andra liv, det som inte inneh\u00e5ller bokn\u00f6rderi, arbetar jag med koncept och strategi f\u00f6r webb och mobilt. Den absolut st\u00f6rsta h\u00e4ndelsen \u00e4r o-konferensen SSWC. En helg av totalt n\u00f6rderi. Den h\u00e4r helgen \u00e4r det dags f\u00f6r en av tv\u00e5 stora n\u00f6rdh\u00e4ndelser i mitt bokliv. Den ena \u00e4r f\u00f6rst\u00e5s Bokm\u00e4ssan, men den andra \u00e4r &hellip; <a href=\"https:\/\/iminbokhylla.se\/?p=1465\" class=\"more-link\">Forts\u00e4tt l\u00e4sa<span class=\"screen-reader-text\"> \u201dP\u00e5 v\u00e4g mot en helg av bokn\u00f6rderi\u201d<\/span><\/a><\/p>\n","protected":false},"author":1,"featured_media":0,"comment_status":"open","ping_status":"open","sticky":false,"template":"","format":"standard","meta":[],"categories":[4],"tags":[9],"featured_image_src":null,"featured_image_src_square":null,"author_info":{"display_name":"Josefine","author_link":"https:\/\/iminbokhylla.se\/?author=1"},"_links":{"self":[{"href":"https:\/\/iminbokhylla.se\/index.php?rest_route=\/wp\/v2\/posts\/1465"}],"collection":[{"href":"https:\/\/iminbokhylla.se\/index.php?rest_route=\/wp\/v2\/posts"}],"about":[{"href":"https:\/\/iminbokhylla.se\/index.php?rest_route=\/wp\/v2\/types\/post"}],"author":[{"embeddable":true,"href":"https:\/\/iminbokhylla.se\/index.php?rest_route=\/wp\/v2\/users\/1"}],"replies":[{"embeddable":true,"href":"https:\/\/iminbokhylla.se\/index.php?rest_route=%2Fwp%2Fv2%2Fcomments&post=1465"}],"version-history":[{"count":0,"href":"https:\/\/iminbokhylla.se\/index.php?rest_route=\/wp\/v2\/posts\/1465\/revisions"}],"wp:attachment":[{"href":"https:\/\/iminbokhylla.se\/index.php?rest_route=%2Fwp%2Fv2%2Fmedia&parent=1465"}],"wp:term":[{"taxonomy":"category","embeddable":true,"href":"https:\/\/iminbokhylla.se\/index.php?rest_route=%2Fwp%2Fv2%2Fcategories&post=1465"},{"taxonomy":"post_tag","embeddable":true,"href":"https:\/\/iminbokhylla.se\/index.php?rest_route=%2Fwp%2Fv2%2Ftags&post=1465"}],"curies":[{"name":"wp","href":"https:\/\/api.w.org\/{rel}","templated":true}]}}