{"id":1439,"date":"2011-08-22T15:16:47","date_gmt":"2011-08-22T13:16:47","guid":{"rendered":"https:\/\/iminbokhylla.se\/?p=1439"},"modified":"2011-09-16T20:11:04","modified_gmt":"2011-09-16T18:11:04","slug":"135-bocker-bortskankes","status":"publish","type":"post","link":"https:\/\/iminbokhylla.se\/?p=1439","title":{"rendered":"135 b\u00f6cker bortsk\u00e4nkes!"},"content":{"rendered":"<p>Jag kan knappt tro det sj\u00e4lv, men jag har rensat min bokhylla. F\u00f6r f\u00f6rsta g\u00e5ngen n\u00e5gonsin. 125 b\u00f6cker \u00e5kte ut, men kan sj\u00e4lvklart inte sl\u00e4ngas. D\u00e4rf\u00f6r ger jag bort dem!<\/p>\n<p>Ser du n\u00e5got du vill ha? Skriv en kommentar. Jag kommer l\u00e4gga ut detta p\u00e5 Facebook ocks\u00e5 (<a href=\"https:\/\/www.facebook.com\/iminbokhylla\">Facebook.com\/iminbokhylla<\/a>), s\u00e5 det blir f\u00f6rst till kvarn h\u00e4r eller d\u00e4r som g\u00e4ller. Boken f\u00e5r du s\u00e5klart gratis, men m\u00e5ste den skickas med post f\u00e5r du st\u00e5 f\u00f6r portot sj\u00e4lv. (F\u00f6r att f\u00e5 boken personligen, om vi inte k\u00e4nner varandra: jag finns i Stockholm. Vid H\u00f6torget p\u00e5 dagen och Mariatorget p\u00e5 kv\u00e4llen. Under augusti\/september kommer jag \u00e4ven att finnas i Norrk\u00f6ping, Karlskoga och p\u00e5 Bokm\u00e4ssan i G\u00f6teborg). <\/p>\n<p>F\u00f6rst ut blir de b\u00f6cker som har f\u00f6rfattare vars efternamn b\u00f6rjar p\u00e5 A. <\/p>\n<p><del datetime=\"2011-09-16T18:11:00+00:00\">Alsanea Rajaa: <a href=\"http:\/\/www.bokus.com\/bok\/9789113016771\/flickorna-fran-riyadh\/\">Flickorna fr\u00e5n Riyadh<\/a><\/del><br \/>\nAlvtegen Karin: <a href=\"http:\/\/www.bokus.com\/bok\/9789127088641\/skugga\/\">Skugga<\/a><br \/>\nAnonym: <a href=\"http:\/\/www.bokus.com\/bok\/9789172636842\/den-avkladda-bruden\/\">Den avkl\u00e4dda bruden<\/a><\/p>\n","protected":false},"excerpt":{"rendered":"<p>Jag kan knappt tro det sj\u00e4lv, men jag har rensat min bokhylla. F\u00f6r f\u00f6rsta g\u00e5ngen n\u00e5gonsin. 125 b\u00f6cker \u00e5kte ut, men kan sj\u00e4lvklart inte sl\u00e4ngas. D\u00e4rf\u00f6r ger jag bort dem! Ser du n\u00e5got du vill ha? Skriv en kommentar. Jag kommer l\u00e4gga ut detta p\u00e5 Facebook ocks\u00e5 (Facebook.com\/iminbokhylla), s\u00e5 det blir f\u00f6rst till kvarn h\u00e4r &hellip; <a href=\"https:\/\/iminbokhylla.se\/?p=1439\" class=\"more-link\">Forts\u00e4tt l\u00e4sa<span class=\"screen-reader-text\"> \u201d135 b\u00f6cker bortsk\u00e4nkes!\u201d<\/span><\/a><\/p>\n","protected":false},"author":1,"featured_media":0,"comment_status":"open","ping_status":"open","sticky":false,"template":"","format":"standard","meta":[],"categories":[11],"tags":[9],"featured_image_src":null,"featured_image_src_square":null,"author_info":{"display_name":"Josefine","author_link":"https:\/\/iminbokhylla.se\/?author=1"},"_links":{"self":[{"href":"https:\/\/iminbokhylla.se\/index.php?rest_route=\/wp\/v2\/posts\/1439"}],"collection":[{"href":"https:\/\/iminbokhylla.se\/index.php?rest_route=\/wp\/v2\/posts"}],"about":[{"href":"https:\/\/iminbokhylla.se\/index.php?rest_route=\/wp\/v2\/types\/post"}],"author":[{"embeddable":true,"href":"https:\/\/iminbokhylla.se\/index.php?rest_route=\/wp\/v2\/users\/1"}],"replies":[{"embeddable":true,"href":"https:\/\/iminbokhylla.se\/index.php?rest_route=%2Fwp%2Fv2%2Fcomments&post=1439"}],"version-history":[{"count":0,"href":"https:\/\/iminbokhylla.se\/index.php?rest_route=\/wp\/v2\/posts\/1439\/revisions"}],"wp:attachment":[{"href":"https:\/\/iminbokhylla.se\/index.php?rest_route=%2Fwp%2Fv2%2Fmedia&parent=1439"}],"wp:term":[{"taxonomy":"category","embeddable":true,"href":"https:\/\/iminbokhylla.se\/index.php?rest_route=%2Fwp%2Fv2%2Fcategories&post=1439"},{"taxonomy":"post_tag","embeddable":true,"href":"https:\/\/iminbokhylla.se\/index.php?rest_route=%2Fwp%2Fv2%2Ftags&post=1439"}],"curies":[{"name":"wp","href":"https:\/\/api.w.org\/{rel}","templated":true}]}}