{"id":1427,"date":"2011-08-29T16:06:20","date_gmt":"2011-08-29T14:06:20","guid":{"rendered":"https:\/\/iminbokhylla.se\/?p=1427"},"modified":"2011-08-29T16:06:20","modified_gmt":"2011-08-29T14:06:20","slug":"elsas-varld-battre-an-nummer-ett","status":"publish","type":"post","link":"https:\/\/iminbokhylla.se\/?p=1427","title":{"rendered":"Elsas v\u00e4rld: b\u00e4ttre \u00e4n nummer ett"},"content":{"rendered":"<p><strong>Bok<\/strong>: Elsas v\u00e4rld<br \/>\n<strong>F\u00f6rfattare<\/strong>: Sofi Fahrman<br \/>\n<strong>F\u00f6rlag<\/strong>: Norstedts<\/p>\n<p>Sofi Fahrmans modebloggerska Elsa \u00e4r tillbaka. Elsa r\u00e5kar nu ut f\u00f6r en hel del k\u00e4rlekstrubbel, men karri\u00e4ren g\u00e5r fram\u00e5t. Boken utspelar sig i Stockholm, New York, Los Angeles och \u00c5re.<\/p>\n<p><a href=\"http:\/\/www.flickr.com\/photos\/granding\/6092454941\/\" title=\"Elsas v\u00e4rld by Granding, on Flickr\"><img loading=\"lazy\" src=\"http:\/\/farm7.static.flickr.com\/6186\/6092454941_78fe3c8f29.jpg\" width=\"331\" height=\"500\" alt=\"Elsas v\u00e4rld\"><\/a><\/p>\n<p>Detta blir ingen l\u00e5ng recension, men det finns inte s\u00e5 mycket att skriva. Elsa \u00e4r fortfarande en ganska otrevlig och bortsk\u00e4md karakt\u00e4r men skrivs\u00e4ttet, spr\u00e5ket och \u00e4ven handlingen har f\u00f6rb\u00e4ttrats sedan f\u00f6rra boken. Utvecklingen g\u00e5r allts\u00e5 fram\u00e5t b\u00e5de f\u00f6r Elsa, handlingen och f\u00f6rfattaren!<\/p>\n<p><img loading=\"lazy\" src=\"https:\/\/iminbokhylla.se\/betyg_2.png\" width=\"472\" height=\"99\" alt=\"betyg\" \/><\/p>\n","protected":false},"excerpt":{"rendered":"<p>Bok: Elsas v\u00e4rld F\u00f6rfattare: Sofi Fahrman F\u00f6rlag: Norstedts Sofi Fahrmans modebloggerska Elsa \u00e4r tillbaka. Elsa r\u00e5kar nu ut f\u00f6r en hel del k\u00e4rlekstrubbel, men karri\u00e4ren g\u00e5r fram\u00e5t. Boken utspelar sig i Stockholm, New York, Los Angeles och \u00c5re. Detta blir ingen l\u00e5ng recension, men det finns inte s\u00e5 mycket att skriva. Elsa \u00e4r fortfarande en &hellip; <a href=\"https:\/\/iminbokhylla.se\/?p=1427\" class=\"more-link\">Forts\u00e4tt l\u00e4sa<span class=\"screen-reader-text\"> \u201dElsas v\u00e4rld: b\u00e4ttre \u00e4n nummer ett\u201d<\/span><\/a><\/p>\n","protected":false},"author":1,"featured_media":0,"comment_status":"open","ping_status":"open","sticky":false,"template":"","format":"standard","meta":[],"categories":[3],"tags":[9],"featured_image_src":null,"featured_image_src_square":null,"author_info":{"display_name":"Josefine","author_link":"https:\/\/iminbokhylla.se\/?author=1"},"_links":{"self":[{"href":"https:\/\/iminbokhylla.se\/index.php?rest_route=\/wp\/v2\/posts\/1427"}],"collection":[{"href":"https:\/\/iminbokhylla.se\/index.php?rest_route=\/wp\/v2\/posts"}],"about":[{"href":"https:\/\/iminbokhylla.se\/index.php?rest_route=\/wp\/v2\/types\/post"}],"author":[{"embeddable":true,"href":"https:\/\/iminbokhylla.se\/index.php?rest_route=\/wp\/v2\/users\/1"}],"replies":[{"embeddable":true,"href":"https:\/\/iminbokhylla.se\/index.php?rest_route=%2Fwp%2Fv2%2Fcomments&post=1427"}],"version-history":[{"count":0,"href":"https:\/\/iminbokhylla.se\/index.php?rest_route=\/wp\/v2\/posts\/1427\/revisions"}],"wp:attachment":[{"href":"https:\/\/iminbokhylla.se\/index.php?rest_route=%2Fwp%2Fv2%2Fmedia&parent=1427"}],"wp:term":[{"taxonomy":"category","embeddable":true,"href":"https:\/\/iminbokhylla.se\/index.php?rest_route=%2Fwp%2Fv2%2Fcategories&post=1427"},{"taxonomy":"post_tag","embeddable":true,"href":"https:\/\/iminbokhylla.se\/index.php?rest_route=%2Fwp%2Fv2%2Ftags&post=1427"}],"curies":[{"name":"wp","href":"https:\/\/api.w.org\/{rel}","templated":true}]}}