{"id":1425,"date":"2011-10-01T10:34:15","date_gmt":"2011-10-01T08:34:15","guid":{"rendered":"https:\/\/iminbokhylla.se\/?p=1425"},"modified":"2011-09-28T08:41:58","modified_gmt":"2011-09-28T06:41:58","slug":"berattelsen-om-esmara-en-vacker-berattelse","status":"publish","type":"post","link":"https:\/\/iminbokhylla.se\/?p=1425","title":{"rendered":"Ber\u00e4ttelsen om Esmara: en vacker ber\u00e4ttelse"},"content":{"rendered":"<p><strong>Bok<\/strong>: Ber\u00e4ttelsen om Esmara<br \/>\n<strong>F\u00f6rfattare<\/strong>: Petra \u00d6stergren<br \/>\n<strong>F\u00f6rlag<\/strong>: Piratf\u00f6rlaget<\/p>\n<p>En liten Esmara \u00e4r med om sin mammas mord. Hon f\u00e5r flytta hem till sl\u00e4ktingar som tar v\u00e4l hand om henne, men hon l\u00e4ngtar alltid bort. Fr\u00e5n Tornedalen till Stockholm. S\u00e5 kommer dagen d\u00e5 flyttlasset g\u00e5r. Det \u00e4r 80-tal och Esmara ska b\u00f6rja Handelsh\u00f6gskolan samtidigt som hon ska f\u00f6rvalta sl\u00e4ktens fastigheter p\u00e5 Dalagatan. <\/p>\n<p>&#8221;Hon handlar med fastigheter, knyter v\u00e4nskapsband och utforskar annorlunda k\u00e4rlekshistorier. Till slut tr\u00e4ffar hon Ludde och livet tar en ny v\u00e4ndning.&#8221; (Skriver <a href=\"http:\/\/www.adlibris.com\/se\/product.aspx?isbn=9164202917\">Adlibris<\/a>).<\/p>\n<p><a href=\"http:\/\/www.flickr.com\/photos\/granding\/6139556079\/\" title=\"Ber\u00e4ttelsen om Esmara by Granding, on Flickr\"><img loading=\"lazy\" src=\"http:\/\/farm7.static.flickr.com\/6067\/6139556079_7b1795a0c0.jpg\" width=\"175\" height=\"270\" alt=\"Ber\u00e4ttelsen om Esmara\"><\/a><\/p>\n<p>Jag fick den h\u00e4r i julklapp, men den har legat ol\u00e4st i hyllan. N\u00e4r jag b\u00f6rjar l\u00e4sa den f\u00f6rst\u00e5r jag inte alls varf\u00f6r den f\u00e5tt vila s\u00e5 l\u00e4nge, den \u00e4r ju bra! Jag gillar karakt\u00e4rerna, jag gillar spr\u00e5ket, jag gillar milj\u00f6beskrivningarna, jag gillar storyn. \u00c4r dock inte helt f\u00f6rtjust i slutet. Men det \u00e4r en vacker ber\u00e4ttelse. <\/p>\n<p><img loading=\"lazy\" src=\"https:\/\/iminbokhylla.se\/betyg_4.png\" width=\"472\" height=\"99\" alt=\"betyg\" \/><\/p>\n","protected":false},"excerpt":{"rendered":"<p>Bok: Ber\u00e4ttelsen om Esmara F\u00f6rfattare: Petra \u00d6stergren F\u00f6rlag: Piratf\u00f6rlaget En liten Esmara \u00e4r med om sin mammas mord. Hon f\u00e5r flytta hem till sl\u00e4ktingar som tar v\u00e4l hand om henne, men hon l\u00e4ngtar alltid bort. Fr\u00e5n Tornedalen till Stockholm. S\u00e5 kommer dagen d\u00e5 flyttlasset g\u00e5r. Det \u00e4r 80-tal och Esmara ska b\u00f6rja Handelsh\u00f6gskolan samtidigt som &hellip; <a href=\"https:\/\/iminbokhylla.se\/?p=1425\" class=\"more-link\">Forts\u00e4tt l\u00e4sa<span class=\"screen-reader-text\"> \u201dBer\u00e4ttelsen om Esmara: en vacker ber\u00e4ttelse\u201d<\/span><\/a><\/p>\n","protected":false},"author":1,"featured_media":0,"comment_status":"open","ping_status":"open","sticky":false,"template":"","format":"standard","meta":[],"categories":[3],"tags":[9],"featured_image_src":null,"featured_image_src_square":null,"author_info":{"display_name":"Josefine","author_link":"https:\/\/iminbokhylla.se\/?author=1"},"_links":{"self":[{"href":"https:\/\/iminbokhylla.se\/index.php?rest_route=\/wp\/v2\/posts\/1425"}],"collection":[{"href":"https:\/\/iminbokhylla.se\/index.php?rest_route=\/wp\/v2\/posts"}],"about":[{"href":"https:\/\/iminbokhylla.se\/index.php?rest_route=\/wp\/v2\/types\/post"}],"author":[{"embeddable":true,"href":"https:\/\/iminbokhylla.se\/index.php?rest_route=\/wp\/v2\/users\/1"}],"replies":[{"embeddable":true,"href":"https:\/\/iminbokhylla.se\/index.php?rest_route=%2Fwp%2Fv2%2Fcomments&post=1425"}],"version-history":[{"count":0,"href":"https:\/\/iminbokhylla.se\/index.php?rest_route=\/wp\/v2\/posts\/1425\/revisions"}],"wp:attachment":[{"href":"https:\/\/iminbokhylla.se\/index.php?rest_route=%2Fwp%2Fv2%2Fmedia&parent=1425"}],"wp:term":[{"taxonomy":"category","embeddable":true,"href":"https:\/\/iminbokhylla.se\/index.php?rest_route=%2Fwp%2Fv2%2Fcategories&post=1425"},{"taxonomy":"post_tag","embeddable":true,"href":"https:\/\/iminbokhylla.se\/index.php?rest_route=%2Fwp%2Fv2%2Ftags&post=1425"}],"curies":[{"name":"wp","href":"https:\/\/api.w.org\/{rel}","templated":true}]}}