{"id":142,"date":"2010-10-26T07:14:57","date_gmt":"2010-10-26T05:14:57","guid":{"rendered":"https:\/\/iminbokhylla.se\/?p=142"},"modified":"2011-07-27T16:34:58","modified_gmt":"2011-07-27T14:34:58","slug":"dagens-fundering","status":"publish","type":"post","link":"https:\/\/iminbokhylla.se\/?p=142","title":{"rendered":"Dagens fundering"},"content":{"rendered":"<p>Jag och en kompis har precis startat en liten, analog bokcirkel. F\u00f6rsta tr\u00e4ffen \u00e4r i mitten av november. Nu funderar jag p\u00e5 n\u00e4r jag ska s\u00e4tta ig\u00e5ng med boken? <\/p>\n<p>Under mina korta medlemskap i andra bokcirklar har jag b\u00f6rjat n\u00e5gra dagar innan och inte riktigt hunnit klart. Det \u00e4r inte en kul k\u00e4nsla s\u00e5 jag vill inte b\u00f6rja f\u00f6rsent. Samtidigt vill jag ha den f\u00e4rsk i minnet s\u00e5 kan inte bli klar med den f\u00f6r l\u00e5ngt innan. D\u00e5 hinner jag dessutom p\u00e5b\u00f6rja en ny bok och det riskerar att bli r\u00f6rigt. <\/p>\n<p>Den aktuella boken fanns i min ol\u00e4stahylla, och jag har ett inneboende motst\u00e5nd mot den. (Perfekt tillf\u00e4lle att &#8221;tvinga&#8221; sig att l\u00e4sa den.) Om jag b\u00f6rjar tio dagar f\u00f6re? K\u00e4nns som lite l\u00e4ngre tid \u00e4n jag egentligen vill, men inte alltf\u00f6r l\u00e5ng tid. S\u00e5 f\u00e5r det bli. <\/p>\n","protected":false},"excerpt":{"rendered":"<p>Jag och en kompis har precis startat en liten, analog bokcirkel. F\u00f6rsta tr\u00e4ffen \u00e4r i mitten av november. Nu funderar jag p\u00e5 n\u00e4r jag ska s\u00e4tta ig\u00e5ng med boken? Under mina korta medlemskap i andra bokcirklar har jag b\u00f6rjat n\u00e5gra dagar innan och inte riktigt hunnit klart. Det \u00e4r inte en kul k\u00e4nsla s\u00e5 jag &hellip; <a href=\"https:\/\/iminbokhylla.se\/?p=142\" class=\"more-link\">Forts\u00e4tt l\u00e4sa<span class=\"screen-reader-text\"> \u201dDagens fundering\u201d<\/span><\/a><\/p>\n","protected":false},"author":1,"featured_media":0,"comment_status":"open","ping_status":"open","sticky":false,"template":"","format":"standard","meta":[],"categories":[4],"tags":[9],"featured_image_src":null,"featured_image_src_square":null,"author_info":{"display_name":"Josefine","author_link":"https:\/\/iminbokhylla.se\/?author=1"},"_links":{"self":[{"href":"https:\/\/iminbokhylla.se\/index.php?rest_route=\/wp\/v2\/posts\/142"}],"collection":[{"href":"https:\/\/iminbokhylla.se\/index.php?rest_route=\/wp\/v2\/posts"}],"about":[{"href":"https:\/\/iminbokhylla.se\/index.php?rest_route=\/wp\/v2\/types\/post"}],"author":[{"embeddable":true,"href":"https:\/\/iminbokhylla.se\/index.php?rest_route=\/wp\/v2\/users\/1"}],"replies":[{"embeddable":true,"href":"https:\/\/iminbokhylla.se\/index.php?rest_route=%2Fwp%2Fv2%2Fcomments&post=142"}],"version-history":[{"count":0,"href":"https:\/\/iminbokhylla.se\/index.php?rest_route=\/wp\/v2\/posts\/142\/revisions"}],"wp:attachment":[{"href":"https:\/\/iminbokhylla.se\/index.php?rest_route=%2Fwp%2Fv2%2Fmedia&parent=142"}],"wp:term":[{"taxonomy":"category","embeddable":true,"href":"https:\/\/iminbokhylla.se\/index.php?rest_route=%2Fwp%2Fv2%2Fcategories&post=142"},{"taxonomy":"post_tag","embeddable":true,"href":"https:\/\/iminbokhylla.se\/index.php?rest_route=%2Fwp%2Fv2%2Ftags&post=142"}],"curies":[{"name":"wp","href":"https:\/\/api.w.org\/{rel}","templated":true}]}}