{"id":1413,"date":"2011-08-14T10:29:28","date_gmt":"2011-08-14T08:29:28","guid":{"rendered":"https:\/\/iminbokhylla.se\/?p=1413"},"modified":"2011-08-14T10:29:28","modified_gmt":"2011-08-14T08:29:28","slug":"sambosemester-med-bloggpaus-men-knappast-laspaus","status":"publish","type":"post","link":"https:\/\/iminbokhylla.se\/?p=1413","title":{"rendered":"Sambosemester med bloggpaus men knappast l\u00e4spaus"},"content":{"rendered":"<p>Det blev tyst h\u00e4r. Ofrivilligt ska jag inte s\u00e4ga att det var, men oplanerat i alla fall. Sommarn har inte blivit riktigt som t\u00e4nkt s\u00e5 sambon och jag best\u00e4mde oss f\u00f6r att g\u00f6ra n\u00e5got helt annat de sista semesterdagarna. Vi checkade in p\u00e5 hotell i fyra dagar, i den sp\u00e4nnande metropolen S\u00f6dert\u00e4lje. (Eftersom jag inte f\u00e5r\/kan g\u00e5 passade resm\u00e5let oss perfekt). Det blev inget bloggande, men jag l\u00e4ste en bok om dagen &#8230;<\/p>\n","protected":false},"excerpt":{"rendered":"<p>Det blev tyst h\u00e4r. Ofrivilligt ska jag inte s\u00e4ga att det var, men oplanerat i alla fall. Sommarn har inte blivit riktigt som t\u00e4nkt s\u00e5 sambon och jag best\u00e4mde oss f\u00f6r att g\u00f6ra n\u00e5got helt annat de sista semesterdagarna. Vi checkade in p\u00e5 hotell i fyra dagar, i den sp\u00e4nnande metropolen S\u00f6dert\u00e4lje. (Eftersom jag inte &hellip; <a href=\"https:\/\/iminbokhylla.se\/?p=1413\" class=\"more-link\">Forts\u00e4tt l\u00e4sa<span class=\"screen-reader-text\"> \u201dSambosemester med bloggpaus men knappast l\u00e4spaus\u201d<\/span><\/a><\/p>\n","protected":false},"author":1,"featured_media":0,"comment_status":"open","ping_status":"open","sticky":false,"template":"","format":"standard","meta":[],"categories":[4],"tags":[9],"featured_image_src":null,"featured_image_src_square":null,"author_info":{"display_name":"Josefine","author_link":"https:\/\/iminbokhylla.se\/?author=1"},"_links":{"self":[{"href":"https:\/\/iminbokhylla.se\/index.php?rest_route=\/wp\/v2\/posts\/1413"}],"collection":[{"href":"https:\/\/iminbokhylla.se\/index.php?rest_route=\/wp\/v2\/posts"}],"about":[{"href":"https:\/\/iminbokhylla.se\/index.php?rest_route=\/wp\/v2\/types\/post"}],"author":[{"embeddable":true,"href":"https:\/\/iminbokhylla.se\/index.php?rest_route=\/wp\/v2\/users\/1"}],"replies":[{"embeddable":true,"href":"https:\/\/iminbokhylla.se\/index.php?rest_route=%2Fwp%2Fv2%2Fcomments&post=1413"}],"version-history":[{"count":0,"href":"https:\/\/iminbokhylla.se\/index.php?rest_route=\/wp\/v2\/posts\/1413\/revisions"}],"wp:attachment":[{"href":"https:\/\/iminbokhylla.se\/index.php?rest_route=%2Fwp%2Fv2%2Fmedia&parent=1413"}],"wp:term":[{"taxonomy":"category","embeddable":true,"href":"https:\/\/iminbokhylla.se\/index.php?rest_route=%2Fwp%2Fv2%2Fcategories&post=1413"},{"taxonomy":"post_tag","embeddable":true,"href":"https:\/\/iminbokhylla.se\/index.php?rest_route=%2Fwp%2Fv2%2Ftags&post=1413"}],"curies":[{"name":"wp","href":"https:\/\/api.w.org\/{rel}","templated":true}]}}