{"id":131,"date":"2010-10-25T18:51:40","date_gmt":"2010-10-25T16:51:40","guid":{"rendered":"https:\/\/iminbokhylla.se\/?p=131"},"modified":"2011-07-27T16:34:58","modified_gmt":"2011-07-27T14:34:58","slug":"flickan-med-sno-i-haret-en-trevlig-deckare","status":"publish","type":"post","link":"https:\/\/iminbokhylla.se\/?p=131","title":{"rendered":"Flickan med sn\u00f6 i h\u00e5ret: en trevlig deckare"},"content":{"rendered":"<p><strong>Bok:<\/strong> Flickan med sn\u00f6 i h\u00e5ret<br \/>\n<strong>F\u00f6rfattare<\/strong>: Ninni Schulman<br \/>\n<strong>F\u00f6rlag<\/strong>: Forum<br \/>\n<strong>Officiell sajt<\/strong>: <a href=\"http:\/\/www.forum.se\/Bokforlaget-Forum-Forfattare\/Forfattarpresentationssida\/?PersonId=33922\">bokf\u00f6rlaget Forums f\u00f6rfattarsida<\/a><\/p>\n<p>Jag har, av och till, f\u00f6ljt Ninni Schulmans blogg Dagarna. (Av n\u00e4r hon varit p\u00e5 plattformar som saknat rss-st\u00f6d). Jag gillar henne, och jag gillar hennes s\u00e4tt att skriva. Flickan med sn\u00f6 i h\u00e5ret \u00e4r en bra, trevlig deckare. Men jag tycker inte den sticker ut i j\u00e4mf\u00f6relse med n\u00e5gon av de andra deckarf\u00f6rfattarna vi har i Sverige just nu.<\/p>\n<p>Ett stort problem med boken \u00e4r att det finns alldeles f\u00f6r m\u00e5nga karakt\u00e4rer som presenteras med f\u00f6r- och efternamn. F\u00f6rst p\u00e5 sidan 94 h\u00e4nger jag med n\u00e5got s\u00e5n\u00e4r men det dr\u00f6jer \u00e4nda till sidan 140 innan jag k\u00e4nner att jag har koll. N\u00e4r jag skulle skriva denna text tog det mig n\u00e5gra minuter att komma p\u00e5 att huvudpersonen heter Magdalena \u2026 <\/p>\n<p>Hur som helst, journalisten Magdalena, som har g\u00e5tt igenom en jobbig skilsm\u00e4ssa, tar med sig sonen och flyttar hem till den v\u00e4rml\u00e4ndska ort hon f\u00f6ddes i. Hon har f\u00f6rv\u00e4ntat sig en viss typ av jobb (en ensam reporter p\u00e5 en lokalredaktion i en mindre ort vet ofta vad som v\u00e4ntar) men kastas snabbt in i en h\u00e4rva av mord och traffiking. B\u00e5de som reporter och vittne. Samtidigt f\u00e5r vi f\u00f6lja hennes familjeliv med son, v\u00e4nner, idiotisk exman och ny k\u00e4rlek.<\/p>\n<p>Men det \u00e4r som sagt m\u00e5nga m\u00e4nniskor mer i boken, och \u00e4ven om Magdalena \u00e4r klar huvudroll f\u00e5r vi f\u00f6lja andra karakt\u00e4rer ocks\u00e5. \u00c4ktenskap som r\u00e4mnar, ton\u00e5rsproblem, brist p\u00e5 s\u00e4llskap, frustration. Den vanliga svenska mixen allts\u00e5. <\/p>\n<p>Det m\u00e4rks att Ninni bott i en mindre ort. Hennes beskrivningar \u00e4r mycket hemtama. Till och med jag, stockholmare ut i fingerspetsarna, k\u00e4nner igen den lilla orten med min erfarenhet av farmors Kopparberg. Pizzeria, flerfamiljshus som rivs \u2026 Ninni har stor erfarenhet som journalist, och det m\u00e4rks tydligt p\u00e5 hur bra hon hanterar Magdalenas yrke. Spr\u00e5ket flyter p\u00e5 bra, men efter ha l\u00e4st Ninni i n\u00e5gra \u00e5r f\u00f6rv\u00e4ntar jag mig inget annat heller. <\/p>\n<p>Jag gillar boken, jag gillar storyn, men den skiljer sig inte mycket fr\u00e5n alla andra deckare. <\/p>\n<p><strong>Betyg:<\/strong><br \/>\nHelt klart en 3:a. Boken \u00e4r bra, och fast den handlar om hemskheter som mord och traffiking k\u00e4nns den trevlig. Men den sticker inte ut. <\/p>\n<p><img loading=\"lazy\" src=\"https:\/\/iminbokhylla.se\/betyg_3.png\" width=\"472\" height=\"99\" alt=\"betyg\" \/><\/p>\n","protected":false},"excerpt":{"rendered":"<p>Bok: Flickan med sn\u00f6 i h\u00e5ret F\u00f6rfattare: Ninni Schulman F\u00f6rlag: Forum Officiell sajt: bokf\u00f6rlaget Forums f\u00f6rfattarsida Jag har, av och till, f\u00f6ljt Ninni Schulmans blogg Dagarna. (Av n\u00e4r hon varit p\u00e5 plattformar som saknat rss-st\u00f6d). Jag gillar henne, och jag gillar hennes s\u00e4tt att skriva. Flickan med sn\u00f6 i h\u00e5ret \u00e4r en bra, trevlig deckare. &hellip; <a href=\"https:\/\/iminbokhylla.se\/?p=131\" class=\"more-link\">Forts\u00e4tt l\u00e4sa<span class=\"screen-reader-text\"> \u201dFlickan med sn\u00f6 i h\u00e5ret: en trevlig deckare\u201d<\/span><\/a><\/p>\n","protected":false},"author":1,"featured_media":0,"comment_status":"open","ping_status":"open","sticky":false,"template":"","format":"standard","meta":[],"categories":[3],"tags":[9],"featured_image_src":null,"featured_image_src_square":null,"author_info":{"display_name":"Josefine","author_link":"https:\/\/iminbokhylla.se\/?author=1"},"_links":{"self":[{"href":"https:\/\/iminbokhylla.se\/index.php?rest_route=\/wp\/v2\/posts\/131"}],"collection":[{"href":"https:\/\/iminbokhylla.se\/index.php?rest_route=\/wp\/v2\/posts"}],"about":[{"href":"https:\/\/iminbokhylla.se\/index.php?rest_route=\/wp\/v2\/types\/post"}],"author":[{"embeddable":true,"href":"https:\/\/iminbokhylla.se\/index.php?rest_route=\/wp\/v2\/users\/1"}],"replies":[{"embeddable":true,"href":"https:\/\/iminbokhylla.se\/index.php?rest_route=%2Fwp%2Fv2%2Fcomments&post=131"}],"version-history":[{"count":0,"href":"https:\/\/iminbokhylla.se\/index.php?rest_route=\/wp\/v2\/posts\/131\/revisions"}],"wp:attachment":[{"href":"https:\/\/iminbokhylla.se\/index.php?rest_route=%2Fwp%2Fv2%2Fmedia&parent=131"}],"wp:term":[{"taxonomy":"category","embeddable":true,"href":"https:\/\/iminbokhylla.se\/index.php?rest_route=%2Fwp%2Fv2%2Fcategories&post=131"},{"taxonomy":"post_tag","embeddable":true,"href":"https:\/\/iminbokhylla.se\/index.php?rest_route=%2Fwp%2Fv2%2Ftags&post=131"}],"curies":[{"name":"wp","href":"https:\/\/api.w.org\/{rel}","templated":true}]}}