{"id":116,"date":"2010-10-22T13:28:55","date_gmt":"2010-10-22T11:28:55","guid":{"rendered":"https:\/\/iminbokhylla.se\/?p=116"},"modified":"2011-07-27T16:34:58","modified_gmt":"2011-07-27T14:34:58","slug":"biblioteken-och-jag","status":"publish","type":"post","link":"https:\/\/iminbokhylla.se\/?p=116","title":{"rendered":"Biblioteken och jag"},"content":{"rendered":"<p>Jag v\u00e4xte upp i en f\u00f6rort till Stockholm (f\u00f6rort och f\u00f6rort, det ligger fyra kilometer fr\u00e5n innerstan). Som jag <a href=\"https:\/\/iminbokhylla.se\/2010\/09\/29\/det-borjade-lite-segt\/\">tidigare<\/a> ber\u00e4ttat var vi en bokslukarfamilj och m\u00e5nga av b\u00f6ckerna l\u00e5nade vi. Ibland \u00e5kte vi till Medborgarplatsens bibliotek, men framf\u00f6rallt var vi stammisar p\u00e5 <a href=\"http:\/\/sv.wikipedia.org\/wiki\/Bokbuss\">Bokbussen<\/a>. Bokbussen kom d\u00e5 och d\u00e5 (en g\u00e5ng i m\u00e5naden?) och var helt enkelt ett bibliotek i miniformat. Vi gick dit med stora b\u00e4rkassar varje g\u00e5ng. En fantastisk k\u00e4nsla!<\/p>\n<p>Under mina barndomssomrar i Sk\u00e5ne var biblioteket i Kristianstad min b\u00e4sta v\u00e4n. \u00c4ven dit \u00e5kte jag med stora papperskassar fyllda. <\/p>\n<p>N\u00e4r jag pluggade anv\u00e4nde jag f\u00f6rst\u00e5s skolbiblioteken, vilken lyx att s\u00e5dant finns, och de stora biblioteken. I gymnasiet n\u00e5gon g\u00e5ng uppt\u00e4ckte vi \u00e4ven Riksdagsbiblioteket, som f\u00f6rutom bra referenslitteratur st\u00e5tade med l\u00e5nedatorer och gratis internet. Ov\u00e4rderligt p\u00e5 den tiden! Nu har jag inte bes\u00f6kt ett bibliotek p\u00e5 flera \u00e5r, kanske dags att b\u00f6rja igen. <\/p>\n<p>Hur ser din bibliotekshistoria ut?<\/p>\n","protected":false},"excerpt":{"rendered":"<p>Jag v\u00e4xte upp i en f\u00f6rort till Stockholm (f\u00f6rort och f\u00f6rort, det ligger fyra kilometer fr\u00e5n innerstan). Som jag tidigare ber\u00e4ttat var vi en bokslukarfamilj och m\u00e5nga av b\u00f6ckerna l\u00e5nade vi. Ibland \u00e5kte vi till Medborgarplatsens bibliotek, men framf\u00f6rallt var vi stammisar p\u00e5 Bokbussen. Bokbussen kom d\u00e5 och d\u00e5 (en g\u00e5ng i m\u00e5naden?) och var &hellip; <a href=\"https:\/\/iminbokhylla.se\/?p=116\" class=\"more-link\">Forts\u00e4tt l\u00e4sa<span class=\"screen-reader-text\"> \u201dBiblioteken och jag\u201d<\/span><\/a><\/p>\n","protected":false},"author":1,"featured_media":0,"comment_status":"open","ping_status":"open","sticky":false,"template":"","format":"standard","meta":[],"categories":[4],"tags":[9],"featured_image_src":null,"featured_image_src_square":null,"author_info":{"display_name":"Josefine","author_link":"https:\/\/iminbokhylla.se\/?author=1"},"_links":{"self":[{"href":"https:\/\/iminbokhylla.se\/index.php?rest_route=\/wp\/v2\/posts\/116"}],"collection":[{"href":"https:\/\/iminbokhylla.se\/index.php?rest_route=\/wp\/v2\/posts"}],"about":[{"href":"https:\/\/iminbokhylla.se\/index.php?rest_route=\/wp\/v2\/types\/post"}],"author":[{"embeddable":true,"href":"https:\/\/iminbokhylla.se\/index.php?rest_route=\/wp\/v2\/users\/1"}],"replies":[{"embeddable":true,"href":"https:\/\/iminbokhylla.se\/index.php?rest_route=%2Fwp%2Fv2%2Fcomments&post=116"}],"version-history":[{"count":0,"href":"https:\/\/iminbokhylla.se\/index.php?rest_route=\/wp\/v2\/posts\/116\/revisions"}],"wp:attachment":[{"href":"https:\/\/iminbokhylla.se\/index.php?rest_route=%2Fwp%2Fv2%2Fmedia&parent=116"}],"wp:term":[{"taxonomy":"category","embeddable":true,"href":"https:\/\/iminbokhylla.se\/index.php?rest_route=%2Fwp%2Fv2%2Fcategories&post=116"},{"taxonomy":"post_tag","embeddable":true,"href":"https:\/\/iminbokhylla.se\/index.php?rest_route=%2Fwp%2Fv2%2Ftags&post=116"}],"curies":[{"name":"wp","href":"https:\/\/api.w.org\/{rel}","templated":true}]}}