{"id":1093,"date":"2011-09-03T10:38:18","date_gmt":"2011-09-03T08:38:18","guid":{"rendered":"https:\/\/iminbokhylla.se\/?p=1093"},"modified":"2011-08-31T22:03:14","modified_gmt":"2011-08-31T20:03:14","slug":"judaskyssen-en-bra-dansk-deckare","status":"publish","type":"post","link":"https:\/\/iminbokhylla.se\/?p=1093","title":{"rendered":"Judaskyssen: en bra dansk deckare"},"content":{"rendered":"<p><strong>Bok<\/strong>: Judaskyssen<br \/>\n<strong>F\u00f6rfattare<\/strong>: Anna Grue<br \/>\n<strong>F\u00f6rlag<\/strong>: Piratf\u00f6rlaget<\/p>\n<p>Dan Sommerdahl, en expolis som driver egen reklambyr\u00e5 och tar uppdrag som privatdetektiv. N\u00e4r hans dotter ber om hj\u00e4lp st\u00e4ller han upp, om \u00e4n motvilligt. <\/p>\n<p>Dotterns favoritl\u00e4rare har blivit solochv\u00e5rad och vill, med hj\u00e4lp av Dan, ta reda p\u00e5 vad som egentligen h\u00e4nde. Historien nystas upp och det visar sig att det finns ett helt g\u00e4ng kvinnor som blivit bedragna av n\u00e5gon med initialerna JH. En av dem \u00e4r till och med m\u00f6rdad &#8230;<\/p>\n<p><a href=\"http:\/\/www.flickr.com\/photos\/granding\/6056584271\/\" title=\"Judaskyssen by Granding, on Flickr\"><img loading=\"lazy\" src=\"http:\/\/farm7.static.flickr.com\/6210\/6056584271_5c1d0ecec8.jpg\" width=\"194\" height=\"300\" alt=\"Judaskyssen\"><\/a><\/p>\n<p>En dansk deckare? En dansk bok? Inte vad jag f\u00f6rv\u00e4ntade mig att hitta i min bokhylla. Tror bara jag l\u00e4st tv\u00e5 danska b\u00f6cker tidigare. Men den var bra. F\u00f6rfattaren ger oss en bra inblick i flera karakt\u00e4rer, man f\u00e5r verkligen bra koll p\u00e5 personerna. Jag \u00e4r inte helt f\u00f6rtjust i vissa av huvudpersonen Dans personlighetsdrag, men kan \u00e4nd\u00e5 gilla honom. Tycker \u00e4ven om att man f\u00e5r f\u00f6lja skurken s\u00e5 mycket. Och f\u00f6r mig &#8211; som har l\u00e4st v\u00e4ldigt f\u00e5 danska b\u00f6cker &#8211; \u00e4r det kul med de milj\u00f6erna. En bra dansk deckare!<\/p>\n<p><img loading=\"lazy\" src=\"https:\/\/iminbokhylla.se\/betyg_3.png\" width=\"472\" height=\"99\" alt=\"betyg\" \/><\/p>\n","protected":false},"excerpt":{"rendered":"<p>Bok: Judaskyssen F\u00f6rfattare: Anna Grue F\u00f6rlag: Piratf\u00f6rlaget Dan Sommerdahl, en expolis som driver egen reklambyr\u00e5 och tar uppdrag som privatdetektiv. N\u00e4r hans dotter ber om hj\u00e4lp st\u00e4ller han upp, om \u00e4n motvilligt. Dotterns favoritl\u00e4rare har blivit solochv\u00e5rad och vill, med hj\u00e4lp av Dan, ta reda p\u00e5 vad som egentligen h\u00e4nde. Historien nystas upp och det &hellip; <a href=\"https:\/\/iminbokhylla.se\/?p=1093\" class=\"more-link\">Forts\u00e4tt l\u00e4sa<span class=\"screen-reader-text\"> \u201dJudaskyssen: en bra dansk deckare\u201d<\/span><\/a><\/p>\n","protected":false},"author":1,"featured_media":0,"comment_status":"open","ping_status":"open","sticky":false,"template":"","format":"standard","meta":[],"categories":[3],"tags":[9],"featured_image_src":null,"featured_image_src_square":null,"author_info":{"display_name":"Josefine","author_link":"https:\/\/iminbokhylla.se\/?author=1"},"_links":{"self":[{"href":"https:\/\/iminbokhylla.se\/index.php?rest_route=\/wp\/v2\/posts\/1093"}],"collection":[{"href":"https:\/\/iminbokhylla.se\/index.php?rest_route=\/wp\/v2\/posts"}],"about":[{"href":"https:\/\/iminbokhylla.se\/index.php?rest_route=\/wp\/v2\/types\/post"}],"author":[{"embeddable":true,"href":"https:\/\/iminbokhylla.se\/index.php?rest_route=\/wp\/v2\/users\/1"}],"replies":[{"embeddable":true,"href":"https:\/\/iminbokhylla.se\/index.php?rest_route=%2Fwp%2Fv2%2Fcomments&post=1093"}],"version-history":[{"count":0,"href":"https:\/\/iminbokhylla.se\/index.php?rest_route=\/wp\/v2\/posts\/1093\/revisions"}],"wp:attachment":[{"href":"https:\/\/iminbokhylla.se\/index.php?rest_route=%2Fwp%2Fv2%2Fmedia&parent=1093"}],"wp:term":[{"taxonomy":"category","embeddable":true,"href":"https:\/\/iminbokhylla.se\/index.php?rest_route=%2Fwp%2Fv2%2Fcategories&post=1093"},{"taxonomy":"post_tag","embeddable":true,"href":"https:\/\/iminbokhylla.se\/index.php?rest_route=%2Fwp%2Fv2%2Ftags&post=1093"}],"curies":[{"name":"wp","href":"https:\/\/api.w.org\/{rel}","templated":true}]}}