{"id":1089,"date":"2011-08-27T09:48:35","date_gmt":"2011-08-27T07:48:35","guid":{"rendered":"https:\/\/iminbokhylla.se\/?p=1089"},"modified":"2011-08-25T11:23:32","modified_gmt":"2011-08-25T09:23:32","slug":"bluffen-inget-att-odsla-tid-pa","status":"publish","type":"post","link":"https:\/\/iminbokhylla.se\/?p=1089","title":{"rendered":"Bluffen: inget att \u00f6dsla tid p\u00e5"},"content":{"rendered":"<p><strong>Bok<\/strong>: Bluffen<br \/>\n<strong>F\u00f6rfattare<\/strong>: Unni Drougge<br \/>\n<strong>F\u00f6rlag<\/strong>: Modernista<br \/>\n<strong>Sajt<\/strong>: <a href=\"http:\/\/www.unnidrougge.com\/\">Unnidrougge.com<\/a><\/p>\n<p>Berit H\u00e5rd, skitig, slarvig, \u00e4cklig skvallerjournalist, \u00e4r p\u00e5 Bokm\u00e4ssan i G\u00f6teborg. Hon r\u00e5kar bli vittne n\u00e4r Jan Guillou uts\u00e4tts f\u00f6r ett mordf\u00f6rs\u00f6k. N\u00e4r det visar sig att Berit har attacken p\u00e5 film f\u00f6r\u00e4ndras hennes liv. <\/p>\n<p><a href=\"http:\/\/www.flickr.com\/photos\/granding\/6079190438\/\" title=\"Bluffen by Granding, on Flickr\"><img loading=\"lazy\" src=\"http:\/\/farm7.static.flickr.com\/6200\/6079190438_e20a5aa155_o.jpg\" width=\"198\" height=\"300\" alt=\"Bluffen\"><\/a><\/p>\n<p>Usch. Tyv\u00e4rr \u00e4r mitt omd\u00f6me om Bluffen ett usch. Huvudpersonen \u00e4r rent ut \u00e4cklig, och jag f\u00e5r absolut ingen sympati f\u00f6r henne. Eller ens intresse. Att sedan b\u00e5de Leif GW Persson, Jan Guillou och Unni Drougge (f\u00f6rfattaren sj\u00e4lv allts\u00e5) \u00e4r med i boken f\u00e5r mig att se tokr\u00f6tt. Jag har <a href=\"https:\/\/iminbokhylla.se\/2011\/02\/27\/galaprinsessor\/\">ju \u00e4ven tidigare<\/a> skrivit om vad jag tycker om att verkliga personer \u00e4r med i fiktiva b\u00f6cker. <\/p>\n<p>L\u00e4s inte. <\/p>\n<p><img loading=\"lazy\" src=\"https:\/\/iminbokhylla.se\/betyg_2.png\" width=\"472\" height=\"99\" alt=\"betyg\" \/><\/p>\n","protected":false},"excerpt":{"rendered":"<p>Bok: Bluffen F\u00f6rfattare: Unni Drougge F\u00f6rlag: Modernista Sajt: Unnidrougge.com Berit H\u00e5rd, skitig, slarvig, \u00e4cklig skvallerjournalist, \u00e4r p\u00e5 Bokm\u00e4ssan i G\u00f6teborg. Hon r\u00e5kar bli vittne n\u00e4r Jan Guillou uts\u00e4tts f\u00f6r ett mordf\u00f6rs\u00f6k. N\u00e4r det visar sig att Berit har attacken p\u00e5 film f\u00f6r\u00e4ndras hennes liv. Usch. Tyv\u00e4rr \u00e4r mitt omd\u00f6me om Bluffen ett usch. Huvudpersonen \u00e4r &hellip; <a href=\"https:\/\/iminbokhylla.se\/?p=1089\" class=\"more-link\">Forts\u00e4tt l\u00e4sa<span class=\"screen-reader-text\"> \u201dBluffen: inget att \u00f6dsla tid p\u00e5\u201d<\/span><\/a><\/p>\n","protected":false},"author":1,"featured_media":0,"comment_status":"open","ping_status":"open","sticky":false,"template":"","format":"standard","meta":[],"categories":[3],"tags":[9],"featured_image_src":null,"featured_image_src_square":null,"author_info":{"display_name":"Josefine","author_link":"https:\/\/iminbokhylla.se\/?author=1"},"_links":{"self":[{"href":"https:\/\/iminbokhylla.se\/index.php?rest_route=\/wp\/v2\/posts\/1089"}],"collection":[{"href":"https:\/\/iminbokhylla.se\/index.php?rest_route=\/wp\/v2\/posts"}],"about":[{"href":"https:\/\/iminbokhylla.se\/index.php?rest_route=\/wp\/v2\/types\/post"}],"author":[{"embeddable":true,"href":"https:\/\/iminbokhylla.se\/index.php?rest_route=\/wp\/v2\/users\/1"}],"replies":[{"embeddable":true,"href":"https:\/\/iminbokhylla.se\/index.php?rest_route=%2Fwp%2Fv2%2Fcomments&post=1089"}],"version-history":[{"count":0,"href":"https:\/\/iminbokhylla.se\/index.php?rest_route=\/wp\/v2\/posts\/1089\/revisions"}],"wp:attachment":[{"href":"https:\/\/iminbokhylla.se\/index.php?rest_route=%2Fwp%2Fv2%2Fmedia&parent=1089"}],"wp:term":[{"taxonomy":"category","embeddable":true,"href":"https:\/\/iminbokhylla.se\/index.php?rest_route=%2Fwp%2Fv2%2Fcategories&post=1089"},{"taxonomy":"post_tag","embeddable":true,"href":"https:\/\/iminbokhylla.se\/index.php?rest_route=%2Fwp%2Fv2%2Ftags&post=1089"}],"curies":[{"name":"wp","href":"https:\/\/api.w.org\/{rel}","templated":true}]}}