{"id":1085,"date":"2011-09-19T12:20:22","date_gmt":"2011-09-19T10:20:22","guid":{"rendered":"https:\/\/iminbokhylla.se\/?p=1085"},"modified":"2011-09-12T12:20:52","modified_gmt":"2011-09-12T10:20:52","slug":"min-basta-vans-dotter-ovantat-bra","status":"publish","type":"post","link":"https:\/\/iminbokhylla.se\/?p=1085","title":{"rendered":"Min b\u00e4sta v\u00e4ns dotter: ov\u00e4ntat bra"},"content":{"rendered":"<p><strong>Bok<\/strong>: Min b\u00e4sta v\u00e4ns dotter<br \/>\n<strong>F\u00f6rfattare<\/strong>: Dorothy Koomson<br \/>\n<strong>F\u00f6rlag<\/strong>: Norstedts Pocket<\/p>\n<p>&#8221;Min b\u00e4sta v\u00e4ns dotter \u00e4r en ber\u00e4ttelse om det stora sveket och den st\u00f6rsta k\u00e4rleken.&#8221; <a href=\"http:\/\/www.bokus.com\/bok\/9789113020501\/min-basta-vans-dotter\/\">Skriver Bokus<\/a>.  <\/p>\n<p>Kamryn Matika och Adele Brannon var allra b\u00e4sta v\u00e4nner. Tills Kamryn uppt\u00e4cker att Adele haft en fling med Kamryns pojkv\u00e4n, Nate. Dessutom f\u00f6rst\u00e5r Kamryn att Nate \u00e4r pappa till Adels lilla dotter (n\u00e5got Nate aldrig f\u00f6rst\u00e5tt). Kamryn l\u00e4mnar Nate mitt i deras br\u00f6llopsplanering och flyttar fr\u00e5n London till Leeds. Hon bygger upp ett nytt liv, men k\u00e4nner hela tiden en stor saknad efter sina tv\u00e5 b\u00e4sta v\u00e4nner. <\/p>\n<p>N\u00e5gra \u00e5r g\u00e5r, och s\u00e5 kommer ett brev. Adele \u00e4r d\u00f6ende. Kamryn \u00e5ker till London, och st\u00e5r pl\u00f6tsligt med en fem\u00e5ring vid handen. Adele d\u00f6r och hennes sista \u00f6nskan \u00e4r att den barnointresserade Kamryn tar hand om hennes dotter Tegan. <\/p>\n<p><a href=\"http:\/\/www.flickr.com\/photos\/granding\/6139964332\/\" title=\"Min b\u00e4sta v\u00e4ns dotter by Granding, on Flickr\"><img loading=\"lazy\" src=\"http:\/\/farm7.static.flickr.com\/6200\/6139964332_c6e5dd4d9b.jpg\" width=\"167\" height=\"270\" alt=\"Min b\u00e4sta v\u00e4ns dotter\"><\/a><\/p>\n<p>Det h\u00e4r var en bok jag valde p\u00e5 grund av omslaget. En vanlig chick lit t\u00e4nkte jag. Perfekt att ha p\u00e5 landet. Vad fel jag hade. Klart det \u00e4r en chick lit, men inte en &#8221;vanlig chick lit&#8221;. Det \u00e4r mycket stora k\u00e4nslor, stor sorg men ocks\u00e5 mycket gl\u00e4dje. En mycket bra bok. <\/p>\n<p><img loading=\"lazy\" src=\"https:\/\/iminbokhylla.se\/betyg_4.png\" width=\"472\" height=\"99\" alt=\"betyg\" \/><\/p>\n","protected":false},"excerpt":{"rendered":"<p>Bok: Min b\u00e4sta v\u00e4ns dotter F\u00f6rfattare: Dorothy Koomson F\u00f6rlag: Norstedts Pocket &#8221;Min b\u00e4sta v\u00e4ns dotter \u00e4r en ber\u00e4ttelse om det stora sveket och den st\u00f6rsta k\u00e4rleken.&#8221; Skriver Bokus. Kamryn Matika och Adele Brannon var allra b\u00e4sta v\u00e4nner. Tills Kamryn uppt\u00e4cker att Adele haft en fling med Kamryns pojkv\u00e4n, Nate. Dessutom f\u00f6rst\u00e5r Kamryn att Nate \u00e4r &hellip; <a href=\"https:\/\/iminbokhylla.se\/?p=1085\" class=\"more-link\">Forts\u00e4tt l\u00e4sa<span class=\"screen-reader-text\"> \u201dMin b\u00e4sta v\u00e4ns dotter: ov\u00e4ntat bra\u201d<\/span><\/a><\/p>\n","protected":false},"author":1,"featured_media":0,"comment_status":"open","ping_status":"open","sticky":false,"template":"","format":"standard","meta":[],"categories":[3],"tags":[9],"featured_image_src":null,"featured_image_src_square":null,"author_info":{"display_name":"Josefine","author_link":"https:\/\/iminbokhylla.se\/?author=1"},"_links":{"self":[{"href":"https:\/\/iminbokhylla.se\/index.php?rest_route=\/wp\/v2\/posts\/1085"}],"collection":[{"href":"https:\/\/iminbokhylla.se\/index.php?rest_route=\/wp\/v2\/posts"}],"about":[{"href":"https:\/\/iminbokhylla.se\/index.php?rest_route=\/wp\/v2\/types\/post"}],"author":[{"embeddable":true,"href":"https:\/\/iminbokhylla.se\/index.php?rest_route=\/wp\/v2\/users\/1"}],"replies":[{"embeddable":true,"href":"https:\/\/iminbokhylla.se\/index.php?rest_route=%2Fwp%2Fv2%2Fcomments&post=1085"}],"version-history":[{"count":0,"href":"https:\/\/iminbokhylla.se\/index.php?rest_route=\/wp\/v2\/posts\/1085\/revisions"}],"wp:attachment":[{"href":"https:\/\/iminbokhylla.se\/index.php?rest_route=%2Fwp%2Fv2%2Fmedia&parent=1085"}],"wp:term":[{"taxonomy":"category","embeddable":true,"href":"https:\/\/iminbokhylla.se\/index.php?rest_route=%2Fwp%2Fv2%2Fcategories&post=1085"},{"taxonomy":"post_tag","embeddable":true,"href":"https:\/\/iminbokhylla.se\/index.php?rest_route=%2Fwp%2Fv2%2Ftags&post=1085"}],"curies":[{"name":"wp","href":"https:\/\/api.w.org\/{rel}","templated":true}]}}