{"id":1068,"date":"2011-07-25T18:31:24","date_gmt":"2011-07-25T16:31:24","guid":{"rendered":"https:\/\/iminbokhylla.se\/?p=1068"},"modified":"2011-07-27T16:36:42","modified_gmt":"2011-07-27T14:36:42","slug":"nya-roster-sjunger-samma-sanger-jag-far-inget-grepp-om-personen-liza","status":"publish","type":"post","link":"https:\/\/iminbokhylla.se\/?p=1068","title":{"rendered":"Nya r\u00f6ster sjunger samma s\u00e5nger: jag f\u00e5r inget grepp om personen Liza"},"content":{"rendered":"<p><strong>Bok:<\/strong> Nya r\u00f6ster sjunger samma s\u00e5nger: En samling kr\u00f6nikor<br \/>\n<strong>F\u00f6rfattare<\/strong>: Liza Marklund<br \/>\n<strong>F\u00f6rlag<\/strong>: Piratf\u00f6rlaget<br \/>\n<strong>Sajt<\/strong>: <a href=\"http:\/\/www.piratforlaget.se\/bocker\/marklund---nya-roster-sjunger-samma-sanger?prodindex=0\">F\u00f6rlaget om boken<\/a><\/p>\n<p><em>Recensionsexemplar fr\u00e5n Piratf\u00f6rlaget<br \/>\n<\/em><\/p>\n<p>Boken best\u00e5r av en samling kr\u00f6nikor som tidigare publicerats i bl a Arbetaren, Expressen och<br \/>\nAftonbladet. Urvalet speglar framf\u00f6rallt hennes brinnande engagemang f\u00f6r misshandlade kvinnor samt hennes r\u00e4ttspatos n\u00e4r det g\u00e4ller j\u00e4mst\u00e4lldhet mellan k\u00f6nen i alla sammanhang, inte minst r\u00e4ttsligt. En del handlar ocks\u00e5 om Lizas liv.<\/p>\n<p><a href=\"http:\/\/www.flickr.com\/photos\/granding\/5954415059\/\" title=\"Nya r\u00f6ster by Granding, on Flickr\"><img loading=\"lazy\" src=\"http:\/\/farm7.static.flickr.com\/6123\/5954415059_b8a27be53c.jpg\" width=\"180\" height=\"263\" alt=\"Nya r\u00f6ster\"><\/a><br \/>\n<strong>Betyg:<\/strong> <\/p>\n<p>Jag gillar Liza Marklunds b\u00f6cker, har nog l\u00e4st alla men jag har sv\u00e5rt f\u00f6r kr\u00f6nikor i bokform. Man ska nog l\u00e4sa den i omg\u00e5ngar, inte i ett str\u00e4ck som jag gjorde. Det blir tyv\u00e4rr i l\u00e4ngden tr\u00e5kigt att l\u00e4sa d\u00e5 m\u00e5nga av kr\u00f6nikorna handlar om i grunden samma sak, fast f\u00f6rst\u00e5s med olika h\u00e4ndelser. Till slut ber\u00f6r de mig inte. Tyv\u00e4rr, d\u00e5 det hon skriver om \u00e4r viktigt att belysa och diskutera. Jag kan ocks\u00e5 tycka att hon skriver lite f\u00f6r provokativt och f\u00e5r lite k\u00e4nslan av att hon vill provocera f\u00f6r provocerandets skull. Det hon skriver om sig sj\u00e4lv \u00e4r bara lite p\u00e5 ytan. Jag f\u00e5r inget grepp om m\u00e4nniskan Liza Marklund.<\/p>\n<p><img loading=\"lazy\" src=\"https:\/\/iminbokhylla.se\/betyg_2.png\" width=\"472\" height=\"99\" alt=\"betyg\" \/><\/p>\n","protected":false},"excerpt":{"rendered":"<p>Bok: Nya r\u00f6ster sjunger samma s\u00e5nger: En samling kr\u00f6nikor F\u00f6rfattare: Liza Marklund F\u00f6rlag: Piratf\u00f6rlaget Sajt: F\u00f6rlaget om boken Recensionsexemplar fr\u00e5n Piratf\u00f6rlaget Boken best\u00e5r av en samling kr\u00f6nikor som tidigare publicerats i bl a Arbetaren, Expressen och Aftonbladet. Urvalet speglar framf\u00f6rallt hennes brinnande engagemang f\u00f6r misshandlade kvinnor samt hennes r\u00e4ttspatos n\u00e4r det g\u00e4ller j\u00e4mst\u00e4lldhet mellan k\u00f6nen &hellip; <a href=\"https:\/\/iminbokhylla.se\/?p=1068\" class=\"more-link\">Forts\u00e4tt l\u00e4sa<span class=\"screen-reader-text\"> \u201dNya r\u00f6ster sjunger samma s\u00e5nger: jag f\u00e5r inget grepp om personen Liza\u201d<\/span><\/a><\/p>\n","protected":false},"author":3,"featured_media":0,"comment_status":"open","ping_status":"open","sticky":false,"template":"","format":"standard","meta":[],"categories":[3],"tags":[10],"featured_image_src":null,"featured_image_src_square":null,"author_info":{"display_name":"Monica","author_link":"https:\/\/iminbokhylla.se\/?author=3"},"_links":{"self":[{"href":"https:\/\/iminbokhylla.se\/index.php?rest_route=\/wp\/v2\/posts\/1068"}],"collection":[{"href":"https:\/\/iminbokhylla.se\/index.php?rest_route=\/wp\/v2\/posts"}],"about":[{"href":"https:\/\/iminbokhylla.se\/index.php?rest_route=\/wp\/v2\/types\/post"}],"author":[{"embeddable":true,"href":"https:\/\/iminbokhylla.se\/index.php?rest_route=\/wp\/v2\/users\/3"}],"replies":[{"embeddable":true,"href":"https:\/\/iminbokhylla.se\/index.php?rest_route=%2Fwp%2Fv2%2Fcomments&post=1068"}],"version-history":[{"count":0,"href":"https:\/\/iminbokhylla.se\/index.php?rest_route=\/wp\/v2\/posts\/1068\/revisions"}],"wp:attachment":[{"href":"https:\/\/iminbokhylla.se\/index.php?rest_route=%2Fwp%2Fv2%2Fmedia&parent=1068"}],"wp:term":[{"taxonomy":"category","embeddable":true,"href":"https:\/\/iminbokhylla.se\/index.php?rest_route=%2Fwp%2Fv2%2Fcategories&post=1068"},{"taxonomy":"post_tag","embeddable":true,"href":"https:\/\/iminbokhylla.se\/index.php?rest_route=%2Fwp%2Fv2%2Ftags&post=1068"}],"curies":[{"name":"wp","href":"https:\/\/api.w.org\/{rel}","templated":true}]}}