{"id":1062,"date":"2011-08-04T12:47:25","date_gmt":"2011-08-04T10:47:25","guid":{"rendered":"https:\/\/iminbokhylla.se\/?p=1062"},"modified":"2011-08-03T13:36:12","modified_gmt":"2011-08-03T11:36:12","slug":"varfor-grater-inte-emma-en-sann-skildring-i-min-smak","status":"publish","type":"post","link":"https:\/\/iminbokhylla.se\/?p=1062","title":{"rendered":"Varf\u00f6r gr\u00e5ter inte Emma?: en sann skildring i min smak"},"content":{"rendered":"<p><strong>Bok<\/strong>: Varf\u00f6r gr\u00e5ter inte Emma?<br \/>\n<strong>F\u00f6rfattare<\/strong>: Magnus Wennerholm, Emma Jangestig<br \/>\n<strong>F\u00f6rlag<\/strong>: M\u00e5npocket<br \/>\n<strong>Sajt<\/strong>: <a href=\"http:\/\/www.manpocket.se\/Bocker\/Bokpresentationssida\/?isbn=9789172322295\">f\u00f6rlaget om boken<\/a><\/p>\n<p><em>Recensionsexemplar fr\u00e5n M\u00e5npocket<\/em><\/p>\n<p>Ni minns Emma och &#8221;tyskan&#8221; i Arboga? Emmas tv\u00e5 sm\u00e5 barn m\u00f6rdades och Emma \u00f6verf\u00f6lls. Nu finns boken om Emma, skriven av henne sj\u00e4lv samt journalisten Magnus Wennerholm.<\/p>\n<p>Vi f\u00e5r f\u00f6lja med fr\u00e5n b\u00f6rjan, till efter r\u00e4tteg\u00e5ngen. Vi f\u00e5r nosa p\u00e5 Emmas uppv\u00e4xt, hennes ungdom och vi f\u00e5r l\u00e4ra k\u00e4nna Emmas stora familj. &#8221;Tyskans&#8221; tanke \u00e4r nog att sl\u00e5 ihj\u00e4l b\u00e5de Emma, Saga och Max, men Emma vaknar upp p\u00e5 ett sjukhus, v\u00e4ldigt sv\u00e5rt skadad och utan minne. Hon blir polisens viktigaste vittne i jakten p\u00e5 f\u00f6r\u00f6varen. D\u00e4rf\u00f6r l\u00e4mnas alla hennes fr\u00e5gor obesvarade, hon m\u00e5ste sj\u00e4lv f\u00f6rs\u00f6ka minnas vad som h\u00e4nt. <\/p>\n<p><a href=\"http:\/\/www.flickr.com\/photos\/granding\/6005111400\/\" title=\"Varf\u00f6r gr\u00e5ter inte Emma by Granding, on Flickr\"><img loading=\"lazy\" src=\"http:\/\/farm7.static.flickr.com\/6128\/6005111400_e437db6fc2.jpg\" width=\"188\" height=\"300\" alt=\"Varf\u00f6r gr\u00e5ter inte Emma\"><\/a><\/p>\n<p><a href=\"https:\/\/iminbokhylla.se\/2010\/12\/09\/de-basta-historierna-ar-sanna\/\">Som trogna l\u00e4sare vet \u00e4lskar jag sanna historier.<\/a> Jag tyckte att den h\u00e4r boken var v\u00e4ldigt intressant och hade sv\u00e5rt att sl\u00e4ppa den. Visst m\u00e4rktes det att journalisten som skrivit den egentligen inte \u00e4r en skrivande person (han \u00e4r tv-journalist), vid n\u00e5got tillf\u00e4lle var spr\u00e5ket rent ut d\u00e5ligt, men det f\u00f6rl\u00e5ter jag l\u00e4tt eftersom resten \u00e4r s\u00e5 bra. <\/p>\n<p><img loading=\"lazy\" src=\"https:\/\/iminbokhylla.se\/betyg_4.png\" width=\"472\" height=\"99\" alt=\"betyg\" \/><\/p>\n","protected":false},"excerpt":{"rendered":"<p>Bok: Varf\u00f6r gr\u00e5ter inte Emma? F\u00f6rfattare: Magnus Wennerholm, Emma Jangestig F\u00f6rlag: M\u00e5npocket Sajt: f\u00f6rlaget om boken Recensionsexemplar fr\u00e5n M\u00e5npocket Ni minns Emma och &#8221;tyskan&#8221; i Arboga? Emmas tv\u00e5 sm\u00e5 barn m\u00f6rdades och Emma \u00f6verf\u00f6lls. Nu finns boken om Emma, skriven av henne sj\u00e4lv samt journalisten Magnus Wennerholm. Vi f\u00e5r f\u00f6lja med fr\u00e5n b\u00f6rjan, till efter &hellip; <a href=\"https:\/\/iminbokhylla.se\/?p=1062\" class=\"more-link\">Forts\u00e4tt l\u00e4sa<span class=\"screen-reader-text\"> \u201dVarf\u00f6r gr\u00e5ter inte Emma?: en sann skildring i min smak\u201d<\/span><\/a><\/p>\n","protected":false},"author":1,"featured_media":0,"comment_status":"open","ping_status":"open","sticky":false,"template":"","format":"standard","meta":[],"categories":[3],"tags":[9],"featured_image_src":null,"featured_image_src_square":null,"author_info":{"display_name":"Josefine","author_link":"https:\/\/iminbokhylla.se\/?author=1"},"_links":{"self":[{"href":"https:\/\/iminbokhylla.se\/index.php?rest_route=\/wp\/v2\/posts\/1062"}],"collection":[{"href":"https:\/\/iminbokhylla.se\/index.php?rest_route=\/wp\/v2\/posts"}],"about":[{"href":"https:\/\/iminbokhylla.se\/index.php?rest_route=\/wp\/v2\/types\/post"}],"author":[{"embeddable":true,"href":"https:\/\/iminbokhylla.se\/index.php?rest_route=\/wp\/v2\/users\/1"}],"replies":[{"embeddable":true,"href":"https:\/\/iminbokhylla.se\/index.php?rest_route=%2Fwp%2Fv2%2Fcomments&post=1062"}],"version-history":[{"count":0,"href":"https:\/\/iminbokhylla.se\/index.php?rest_route=\/wp\/v2\/posts\/1062\/revisions"}],"wp:attachment":[{"href":"https:\/\/iminbokhylla.se\/index.php?rest_route=%2Fwp%2Fv2%2Fmedia&parent=1062"}],"wp:term":[{"taxonomy":"category","embeddable":true,"href":"https:\/\/iminbokhylla.se\/index.php?rest_route=%2Fwp%2Fv2%2Fcategories&post=1062"},{"taxonomy":"post_tag","embeddable":true,"href":"https:\/\/iminbokhylla.se\/index.php?rest_route=%2Fwp%2Fv2%2Ftags&post=1062"}],"curies":[{"name":"wp","href":"https:\/\/api.w.org\/{rel}","templated":true}]}}