{"id":1055,"date":"2011-07-10T09:58:18","date_gmt":"2011-07-10T07:58:18","guid":{"rendered":"https:\/\/iminbokhylla.se\/?p=1055"},"modified":"2011-07-27T16:27:24","modified_gmt":"2011-07-27T14:27:24","slug":"en-fantastisk-liten-bokmojang","status":"publish","type":"post","link":"https:\/\/iminbokhylla.se\/?p=1055","title":{"rendered":"En fantastisk liten bokmoj\u00e4ng"},"content":{"rendered":"<p>Jag har ju helt gl\u00f6mt bort att ber\u00e4tta, jag fick ju ytterligare en fantastisk bokpresent i f\u00f6delsedagspresent! (<a href=\"https:\/\/iminbokhylla.se\/2011\/06\/09\/mot-bokmassan\/\">Jag har tidigare ber\u00e4ttat om en bokpresent<\/a>).<\/p>\n<p>V\u00e5rt sovrum \u00e4r ganska tr\u00e5ngt s\u00e5 s\u00e4ngen st\u00e5r p\u00e5 ena sidan in mot en v\u00e4gg. P\u00e5 andra sidan finns en ventilationskanal i en knyck. Detta inneb\u00e4r allts\u00e5 att vi inte har n\u00e5gra nattduksbord. Visserligen har vi en hylla ovanf\u00f6r s\u00e4ngen, men v\u00e5ra 1800-talsv\u00e4ggar \u00e4r fyllda med b\u00e5de h\u00f6nsn\u00e4t, tobak, tegel, tr\u00e4 &#8230; och inget f\u00e4ster s\u00e4rskilt bra. Inget man v\u00e5gar l\u00e4gga en bok p\u00e5 allts\u00e5. Detta har gjort att jag inte riktigt kunnat l\u00e4sa p\u00e5 kv\u00e4llen.<\/p>\n<p>Detta r\u00e5dde sambon bot p\u00e5 n\u00e4r jag fyllde \u00e5r. Han hittade en moj\u00e4ng p\u00e5 Designtorget. En liten l\u00e5da med ett l\u00e5ngt tygstycke. Du stoppar in tygstycket under madrassen och l\u00e5ter l\u00e5dan h\u00e4nga ned fr\u00e5n s\u00e4ngen. Vips, en plats att ha b\u00f6cker p\u00e5! <\/p>\n<p><a href=\"http:\/\/www.designtorget.se\/designtorget\/se\/kop_hos_oss\/?ew_0_cat_id=2421&#038;ew_0_p_id=AE2777CB-2A08-4081-BB0A-49FBFE9F977D&#038;product_category_id=f10a7cad-5452-40fb-ab5a-e9ce467b6042&#038;comment=G1000005&#038;news=false&#038;cat=Inredningssaker&#038;relSno=10000051000004\">Bokp\u00e5sen Bedbag finns p\u00e5 Designtorget.<\/a><\/p>\n<p><a href=\"http:\/\/www.flickr.com\/photos\/granding\/5920859505\/\" title=\"S\u00e4ngp\u00e5sen Bedbag by Granding, on Flickr\"><img loading=\"lazy\" src=\"http:\/\/farm7.static.flickr.com\/6014\/5920859505_b3dba532cd.jpg\" width=\"402\" height=\"297\" alt=\"S\u00e4ngp\u00e5sen Bedbag\"><\/a><\/p>\n","protected":false},"excerpt":{"rendered":"<p>Jag har ju helt gl\u00f6mt bort att ber\u00e4tta, jag fick ju ytterligare en fantastisk bokpresent i f\u00f6delsedagspresent! (Jag har tidigare ber\u00e4ttat om en bokpresent). V\u00e5rt sovrum \u00e4r ganska tr\u00e5ngt s\u00e5 s\u00e4ngen st\u00e5r p\u00e5 ena sidan in mot en v\u00e4gg. P\u00e5 andra sidan finns en ventilationskanal i en knyck. Detta inneb\u00e4r allts\u00e5 att vi inte har &hellip; <a href=\"https:\/\/iminbokhylla.se\/?p=1055\" class=\"more-link\">Forts\u00e4tt l\u00e4sa<span class=\"screen-reader-text\"> \u201dEn fantastisk liten bokmoj\u00e4ng\u201d<\/span><\/a><\/p>\n","protected":false},"author":1,"featured_media":0,"comment_status":"open","ping_status":"open","sticky":false,"template":"","format":"standard","meta":[],"categories":[4],"tags":[9],"featured_image_src":null,"featured_image_src_square":null,"author_info":{"display_name":"Josefine","author_link":"https:\/\/iminbokhylla.se\/?author=1"},"_links":{"self":[{"href":"https:\/\/iminbokhylla.se\/index.php?rest_route=\/wp\/v2\/posts\/1055"}],"collection":[{"href":"https:\/\/iminbokhylla.se\/index.php?rest_route=\/wp\/v2\/posts"}],"about":[{"href":"https:\/\/iminbokhylla.se\/index.php?rest_route=\/wp\/v2\/types\/post"}],"author":[{"embeddable":true,"href":"https:\/\/iminbokhylla.se\/index.php?rest_route=\/wp\/v2\/users\/1"}],"replies":[{"embeddable":true,"href":"https:\/\/iminbokhylla.se\/index.php?rest_route=%2Fwp%2Fv2%2Fcomments&post=1055"}],"version-history":[{"count":0,"href":"https:\/\/iminbokhylla.se\/index.php?rest_route=\/wp\/v2\/posts\/1055\/revisions"}],"wp:attachment":[{"href":"https:\/\/iminbokhylla.se\/index.php?rest_route=%2Fwp%2Fv2%2Fmedia&parent=1055"}],"wp:term":[{"taxonomy":"category","embeddable":true,"href":"https:\/\/iminbokhylla.se\/index.php?rest_route=%2Fwp%2Fv2%2Fcategories&post=1055"},{"taxonomy":"post_tag","embeddable":true,"href":"https:\/\/iminbokhylla.se\/index.php?rest_route=%2Fwp%2Fv2%2Ftags&post=1055"}],"curies":[{"name":"wp","href":"https:\/\/api.w.org\/{rel}","templated":true}]}}