{"id":1038,"date":"2011-07-15T13:04:11","date_gmt":"2011-07-15T11:04:11","guid":{"rendered":"https:\/\/iminbokhylla.se\/?p=1038"},"modified":"2011-07-27T16:27:23","modified_gmt":"2011-07-27T14:27:23","slug":"nomad-sakert-en-intressant-historia-men-den-gar-inte-att-ta-till-sig","status":"publish","type":"post","link":"https:\/\/iminbokhylla.se\/?p=1038","title":{"rendered":"Nomad: s\u00e4kert en intressant historia, men den g\u00e5r inte att ta till sig"},"content":{"rendered":"<p><strong>Bok<\/strong>: Nomad<br \/>\n<strong>F\u00f6rfattare<\/strong>: Ayaan Hirsi Ali<br \/>\n<strong>F\u00f6rlag<\/strong>: M\u00e5npocket<br \/>\n<strong>Sajt<\/strong>: <a href=\"http:\/\/www.manpocket.se\/Bocker\/Bokpresentationssida\/?isbn=9789172322226\">M\u00e5npocket om boken<\/a><\/p>\n<p><em>Recensionsexemplar fr\u00e5n M\u00e5npocket<br \/>\n<\/em><\/p>\n<p>&#8221;I Nomad ber\u00e4ttar Ayaan Hirsi Ali om de sv\u00e5righeter invandrade muslimer i v\u00e4stv\u00e4rlden m\u00f6ter, hur man som muslim blir misst\u00e4nkliggjord och sedd som medskyldig till terrorattacker och det heliga kriget. Skildringen utg\u00e5r fr\u00e5n hennes egen historia.&#8221; skriver M\u00e5npocket om boken.  <\/p>\n<p><a href=\"http:\/\/www.flickr.com\/photos\/granding\/5917802275\/\" title=\"Nomad by Granding, on Flickr\"><img loading=\"lazy\" src=\"http:\/\/farm7.static.flickr.com\/6027\/5917802275_d91499e85e.jpg\" width=\"170\" height=\"268\" alt=\"Nomad\"><\/a><\/p>\n<p>Nomad \u00e4r forts\u00e4ttningen p\u00e5 f\u00f6rfattarens sj\u00e4lvbiografi En fri r\u00f6st fr\u00e5n 2006. Jag har inte l\u00e4st den, men jag hoppas att den \u00e4r b\u00e4ttre \u00e4n Nomad. <a href=\"https:\/\/iminbokhylla.se\/2010\/12\/09\/de-basta-historierna-ar-sanna\/\">Nomad \u00e4r \u00e4r ju precis en s\u00e5dan bok som jag borde \u00e4lska. <\/a> Ist\u00e4llet blev det en av tre, fyra b\u00f6cker i mitt liv som jag inte l\u00e4ser klart. <\/p>\n<p>F\u00f6rfattaren skriver ganska d\u00e5ligt, hon \u00e4r rasistisk, besserwisser och har lagt upp kapitlet s\u00e5 att det hela blir sjukt ointressant. <\/p>\n<p>Nomad inneh\u00e5ller s\u00e4kert en intressant och fascinerande historia i botten, men den g\u00e5r inte att ta till sig. <\/p>\n<p><img loading=\"lazy\" src=\"https:\/\/iminbokhylla.se\/betyg_1.png\" width=\"472\" height=\"99\" alt=\"betyg\" \/><\/p>\n","protected":false},"excerpt":{"rendered":"<p>Bok: Nomad F\u00f6rfattare: Ayaan Hirsi Ali F\u00f6rlag: M\u00e5npocket Sajt: M\u00e5npocket om boken Recensionsexemplar fr\u00e5n M\u00e5npocket &#8221;I Nomad ber\u00e4ttar Ayaan Hirsi Ali om de sv\u00e5righeter invandrade muslimer i v\u00e4stv\u00e4rlden m\u00f6ter, hur man som muslim blir misst\u00e4nkliggjord och sedd som medskyldig till terrorattacker och det heliga kriget. Skildringen utg\u00e5r fr\u00e5n hennes egen historia.&#8221; skriver M\u00e5npocket om boken. &hellip; <a href=\"https:\/\/iminbokhylla.se\/?p=1038\" class=\"more-link\">Forts\u00e4tt l\u00e4sa<span class=\"screen-reader-text\"> \u201dNomad: s\u00e4kert en intressant historia, men den g\u00e5r inte att ta till sig\u201d<\/span><\/a><\/p>\n","protected":false},"author":1,"featured_media":0,"comment_status":"open","ping_status":"open","sticky":false,"template":"","format":"standard","meta":[],"categories":[3],"tags":[9],"featured_image_src":null,"featured_image_src_square":null,"author_info":{"display_name":"Josefine","author_link":"https:\/\/iminbokhylla.se\/?author=1"},"_links":{"self":[{"href":"https:\/\/iminbokhylla.se\/index.php?rest_route=\/wp\/v2\/posts\/1038"}],"collection":[{"href":"https:\/\/iminbokhylla.se\/index.php?rest_route=\/wp\/v2\/posts"}],"about":[{"href":"https:\/\/iminbokhylla.se\/index.php?rest_route=\/wp\/v2\/types\/post"}],"author":[{"embeddable":true,"href":"https:\/\/iminbokhylla.se\/index.php?rest_route=\/wp\/v2\/users\/1"}],"replies":[{"embeddable":true,"href":"https:\/\/iminbokhylla.se\/index.php?rest_route=%2Fwp%2Fv2%2Fcomments&post=1038"}],"version-history":[{"count":0,"href":"https:\/\/iminbokhylla.se\/index.php?rest_route=\/wp\/v2\/posts\/1038\/revisions"}],"wp:attachment":[{"href":"https:\/\/iminbokhylla.se\/index.php?rest_route=%2Fwp%2Fv2%2Fmedia&parent=1038"}],"wp:term":[{"taxonomy":"category","embeddable":true,"href":"https:\/\/iminbokhylla.se\/index.php?rest_route=%2Fwp%2Fv2%2Fcategories&post=1038"},{"taxonomy":"post_tag","embeddable":true,"href":"https:\/\/iminbokhylla.se\/index.php?rest_route=%2Fwp%2Fv2%2Ftags&post=1038"}],"curies":[{"name":"wp","href":"https:\/\/api.w.org\/{rel}","templated":true}]}}